{"id":13459,"date":"2015-05-13T01:37:11","date_gmt":"2015-05-12T23:37:11","guid":{"rendered":"http:\/\/prizrenpost.com\/al\/?p=13459"},"modified":"2019-02-24T19:35:38","modified_gmt":"2019-02-24T18:35:38","slug":"a-po-del-bdi-ja-nga-qeveria","status":"publish","type":"post","link":"https:\/\/prizrenpost.com\/al\/a-po-del-bdi-ja-nga-qeveria\/","title":{"rendered":"A po del BDI-ja nga qeveria?"},"content":{"rendered":"<p><img decoding=\"async\" src=\"https:\/\/prizrenpost.com\/al\/wp-content\/uploads\/2015\/05\/bdi-ahmeti.jpg\" alt=\"\" width=\"100%\" height=\"\" class=\"alignleft size-full wp-image-53517\" srcset=\"https:\/\/prizrenpost.com\/al\/wp-content\/uploads\/2015\/05\/bdi-ahmeti.jpg 1023w, https:\/\/prizrenpost.com\/al\/wp-content\/uploads\/2015\/05\/bdi-ahmeti-300x169.jpg 300w, https:\/\/prizrenpost.com\/al\/wp-content\/uploads\/2015\/05\/bdi-ahmeti-768x432.jpg 768w\" sizes=\"(max-width: 1023px) 100vw, 1023px\" \/><\/p>\n<p><strong>Shkup &#8211; Burime jozyrtare t\u00eb portalit \u201ctetova1\u201d b\u00ebjn\u00eb t\u00eb ditur se sot (e m\u00ebrkur\u00eb) edhe zyrtarisht BDI do t\u00eb dal\u00eb nga qeveria e Maqedonis\u00eb dhe me k\u00ebt\u00eb qeveria Gruevski i ka dit\u00ebt e num\u00ebruara.<\/strong><\/p>\n<p>Vet\u00eb fakti q\u00eb deri m\u00eb tani asnj\u00eb minist\u00ebr i BDI-s\u00eb nuk ka dh\u00ebn\u00eb dor\u00ebheqje, l\u00eb t\u00eb n\u00ebnkuptohet se partia e Ali Ahmetit po p\u00ebrgatitet q\u00eb t\u00eb l\u00ebshoj\u00eb qeverin\u00eb Gruevski. <\/p>\n","protected":false},"excerpt":{"rendered":"<p>Shkup &#8211; Burime jozyrtare t\u00eb portalit \u201ctetova1\u201d b\u00ebjn\u00eb t\u00eb ditur se sot (e m\u00ebrkur\u00eb) edhe zyrtarisht BDI do t\u00eb dal\u00eb nga qeveria e Maqedonis\u00eb dhe me k\u00ebt\u00eb qeveria Gruevski i ka dit\u00ebt e num\u00ebruara. Vet\u00eb fakti q\u00eb deri m\u00eb tani asnj\u00eb minist\u00ebr i BDI-s\u00eb nuk ka dh\u00ebn\u00eb dor\u00ebheqje, l\u00eb t\u00eb n\u00ebnkuptohet se partia e Ali [&hellip;]<\/p>\n","protected":false},"author":1,"featured_media":53517,"comment_status":"open","ping_status":"open","sticky":false,"template":"","format":"standard","meta":{"footnotes":""},"categories":[1],"tags":[1693,1002,695],"class_list":["post-13459","post","type-post","status-publish","format-standard","has-post-thumbnail","hentry","category-lajme","tag-bashkimi-demokratik-per-integrim","tag-maqedoni","tag-qeveria"],"_links":{"self":[{"href":"https:\/\/prizrenpost.com\/al\/wp-json\/wp\/v2\/posts\/13459","targetHints":{"allow":["GET"]}}],"collection":[{"href":"https:\/\/prizrenpost.com\/al\/wp-json\/wp\/v2\/posts"}],"about":[{"href":"https:\/\/prizrenpost.com\/al\/wp-json\/wp\/v2\/types\/post"}],"author":[{"embeddable":true,"href":"https:\/\/prizrenpost.com\/al\/wp-json\/wp\/v2\/users\/1"}],"replies":[{"embeddable":true,"href":"https:\/\/prizrenpost.com\/al\/wp-json\/wp\/v2\/comments?post=13459"}],"version-history":[{"count":0,"href":"https:\/\/prizrenpost.com\/al\/wp-json\/wp\/v2\/posts\/13459\/revisions"}],"wp:featuredmedia":[{"embeddable":true,"href":"https:\/\/prizrenpost.com\/al\/wp-json\/wp\/v2\/media\/53517"}],"wp:attachment":[{"href":"https:\/\/prizrenpost.com\/al\/wp-json\/wp\/v2\/media?parent=13459"}],"wp:term":[{"taxonomy":"category","embeddable":true,"href":"https:\/\/prizrenpost.com\/al\/wp-json\/wp\/v2\/categories?post=13459"},{"taxonomy":"post_tag","embeddable":true,"href":"https:\/\/prizrenpost.com\/al\/wp-json\/wp\/v2\/tags?post=13459"}],"curies":[{"name":"wp","href":"https:\/\/api.w.org\/{rel}","templated":true}]}}