{"id":13462,"date":"2015-05-13T19:22:06","date_gmt":"2015-05-13T17:22:06","guid":{"rendered":"http:\/\/prizrenpost.com\/al\/?p=13462"},"modified":"2017-06-11T02:25:31","modified_gmt":"2017-06-11T00:25:31","slug":"erdogan-ne-tirane-do-te-dyfishojme-investimet-turke-shkupi-te-zbatoje-marreveshjen-e-ohrit","status":"publish","type":"post","link":"https:\/\/prizrenpost.com\/al\/erdogan-ne-tirane-do-te-dyfishojme-investimet-turke-shkupi-te-zbatoje-marreveshjen-e-ohrit\/","title":{"rendered":"Erdogan n\u00eb Tiran\u00eb: Do t\u00eb dyfishojm\u00eb investimet turke. Shkupi t\u00eb zbatoj\u00eb Marr\u00ebveshjen e Ohrit"},"content":{"rendered":"<p><img decoding=\"async\" src=\"https:\/\/prizrenpost.com\/al\/wp-content\/uploads\/2015\/05\/erdogan-nishani.jpg\" alt=\"\" width=\"100%\" height=\"\" class=\"alignleft size-full wp-image-32989\" srcset=\"https:\/\/prizrenpost.com\/al\/wp-content\/uploads\/2015\/05\/erdogan-nishani.jpg 600w, https:\/\/prizrenpost.com\/al\/wp-content\/uploads\/2015\/05\/erdogan-nishani-300x152.jpg 300w\" sizes=\"(max-width: 600px) 100vw, 600px\" \/><\/p>\n<p>Tiran\u00eb &#8211; Gjasht\u00eb vjet pas vizit\u00ebs s\u00eb fundit si kryeminist\u00ebr, Rexhep Taip Erdogan rikthehet p\u00ebr vizit\u00eb zyrtare n\u00eb Shqip\u00ebri, k\u00ebt\u00eb her\u00eb si President i shtetit turk. Udh\u00ebheq\u00ebsi i Turqis\u00eb dha dy mesazhe n\u00eb takimin me homologun shqiptar, Bujar Nishani; t\u00eb parin p\u00ebr Shqip\u00ebrin\u00eb, p\u00ebr rritjen e shk\u00ebmbimeve tregtare me vendin e tij, dhe t\u00eb dytin p\u00ebr Maqedonin\u00eb. <\/p>\n<p>N\u00eb t\u00eb parin, Presidenti turk, q\u00eb shoq\u00ebrohet n\u00eb k\u00ebt\u00eb vizit\u00eb nga nj\u00eb delegacion i gjer\u00eb me rreth 120 sip\u00ebrmarr\u00ebs turq, foli p\u00ebr dyfishimin e v\u00ebllimit tregtar Shqip\u00ebri-Turqi, q\u00eb aktualisht \u00ebsht\u00eb 430 milion\u00eb dollar\u00eb.<\/p>\n<p>Pas takimit kok\u00eb m\u00eb kok\u00eb, Nishani dhe Erdogan dol\u00ebn n\u00eb nj\u00eb konferenc\u00eb t\u00eb p\u00ebrbashk\u00ebt p\u00ebr shtyp, ku vler\u00ebsuan marr\u00ebdh\u00ebniet mes dy vendeve tona dhe u nxit thellimi i bashk\u00ebpunimit n\u00eb fusha t\u00eb tjera, por edhe p\u00ebrmir\u00ebsimi i tij n\u00eb sektor\u00eb ku ky bashk\u00ebpunim \u00ebsht\u00eb prezent.<\/p>\n<p>Presidenti Bujar Nishani, pasi falenderoi Turqin\u00eb p\u00ebr mb\u00ebshtetjen e vazhdueshme p\u00ebr shqiptar\u00ebt n\u00eb rajon, vler\u00ebsoi n\u00ebnshkrimin e marr\u00ebveshjes s\u00eb bashk\u00ebpunimit n\u00eb fush\u00ebn e siguris\u00eb mes Tiran\u00ebs dhe Ankaras\u00eb.<\/p>\n<p>\u201cMarr\u00ebveshja p\u00ebr \u00e7\u00ebshtjet e siguris\u00eb e n\u00ebnshkruar sot mes dy ministrave t\u00eb Brendsh\u00ebm t\u00eb vendeve tona, i sh\u00ebrben bashk\u00ebpunimit dhe infrastruktur\u00ebs n\u00eb luft\u00ebn kund\u00ebr krimit t\u00eb organizuar, trafiqeve dhe terrorizmit. Kjo marr\u00ebveshje forcon bashk\u00ebpunimin dypal\u00ebsh mes dy vendve aleate n\u00eb NATO n\u00eb k\u00ebt\u00eb fush\u00eb dhe i sh\u00ebrben aspiratave tona integruese e forcon pozitat tona n\u00eb aleanc\u00ebn ton\u00eb t\u00eb p\u00ebrbashk\u00ebt\u201d- deklaroi Nishani.<\/p>\n<p>Nishani u ndal edhe tek ngjarjet e Kumanov\u00ebs, ku b\u00ebri thirrje p\u00ebr transparenc\u00eb dhe frenim t\u00eb p\u00ebrpjekjeve p\u00ebr ta shnd\u00ebrruar k\u00ebt\u00eb \u201cincident t\u00eb izoluar\u201d, si nj\u00eb konflikt nd\u00ebretnik. Ai k\u00ebrkoi zbatimin e Marr\u00ebveshjes s\u00eb Ohrit.<\/p>\n<p>\u201cNgjarja ka tronditur jo vet\u00ebm rajonin, por gjith\u00eb partner\u00ebt tan\u00eb nd\u00ebrkomb\u00ebtar\u00eb. B\u00ebjm\u00eb thirrje p\u00ebr zbardhjen e ngjarjes dhe nj\u00eb hetim transparent. B\u00ebjm\u00eb thirrje p\u00ebr frenimin e menj\u00ebher\u00ebsh\u00ebm t\u00eb p\u00ebrpjekjeve p\u00ebr ta shnd\u00ebrruar k\u00ebt\u00eb rast n\u00eb nj\u00eb konflikt t\u00eb paqen\u00eb nd\u00ebretnik dhe t\u00eb zbatohet Marr\u00ebveshja e Ohrit\u201d- tha Nishani.<\/p>\n<p>Objektiv \u00ebsht\u00eb q\u00eb shk\u00ebmbimet tregtare mes Shqip\u00ebris\u00eb dhe Turqis\u00eb t\u00eb prekin 1 miliard dollar\u00eb n\u00eb t\u00eb ardhmen dhe p\u00ebr k\u00ebt\u00eb Nishani k\u00ebrkoi thellimin e bashk\u00ebpunimit. Presidenti shqiptar vler\u00ebsoi rolin e Turqis\u00eb p\u00ebr nd\u00ebrtimin e gazsjell\u00ebsit TAP. \u201cRam\u00eb dakort mbi r\u00ebnd\u00ebsin\u00eb strategjike t\u00eb TAP, jo vet\u00ebm p\u00ebr diversifikimin e burimeve t\u00eb energjis\u00eb, por dhe mbi ndikimin pozitiv q\u00eb ky projekt ka mbi ekonomit\u00eb e dy vendeve tona\u201d \u2013 u shpreh presidenti Nishani.<\/p>\n<p>Udh\u00ebheq\u00ebsi i Turqis\u00eb dha dy mesazhe n\u00eb takimin me homologun shqiptar Bujar Nishani, t\u00eb parin p\u00ebr Shqip\u00ebrin\u00eb, p\u00ebr rritjen e shk\u00ebmbimeve tregtare me vendin e tij, dhe t\u00eb dytin p\u00ebr Maqedonin\u00eb. N\u00eb t\u00eb parin, Presidenti turk, q\u00eb shoq\u00ebrohet n\u00eb k\u00ebt\u00eb vizit\u00eb nga nj\u00eb delegacion i gjer\u00eb me rreth 120 sip\u00ebrmarr\u00ebs turq, foli p\u00ebr dyfishimin e v\u00ebllimit tregtar Shqip\u00ebri-Turqi, q\u00eb aktualisht \u00ebsht\u00eb 430 milion\u00eb dollar\u00eb.<\/p>\n<p>\u201cMendoj se marr\u00ebdh\u00ebniet tregtare mes dy vendeve duhet t\u00eb zhvillohen m\u00eb me shpejt\u00ebsi. D\u00ebshira ime q\u00eb v\u00ebllimi tregtar mes Turqis\u00eb dhe Shqip\u00ebris\u00eb n\u00eb vit t\u00eb jet\u00eb 1 miliard dollar\u00eb dhe vullneti p\u00ebr k\u00ebt\u00eb ekziston n\u00eb t\u00eb dy vendet\u201d- tha Erdogan.<\/p>\n<p>N\u00eb lidhje me \u00e7\u00ebshtjen e Kumanov\u00ebs, Erdogan deklaroi se \u201cacarimet duhet t\u00eb zgjidhen p\u00ebrmes dialogut\u201d.<\/p>\n<p>\u201cN\u00eb Ballkan ka nga ata q\u00eb duan t\u00eb cenojn\u00eb paqen dhe sigurin\u00eb prandaj i kushtojm\u00eb shum\u00eb r\u00ebnd\u00ebsi paqes, stabilitetit dhe mir\u00ebqenies s\u00eb Ballkanit. D\u00ebshirojm\u00eb q\u00eb acarimet e krijuara n\u00eb Maqedoni t\u00eb zgjidhen n\u00ebp\u00ebrmjet dialogut dhe t\u00eb sigurohet paqja q\u00eb siguron marr\u00ebveshja e Ohrit. Turqia ka vuajtur shum\u00eb nga terrorizmi dhe vazhdon ende procesi i luft\u00ebs son\u00eb kund\u00ebr terrorit prej nj\u00eb periudh\u00eb 30-vje\u00e7are dhe ne e dim\u00eb fatur\u00ebn e k\u00ebsaj lufte. Nuk d\u00ebshirojm\u00eb q\u00eb nj\u00eb faktor i till\u00eb t\u00eb paguhet nga popuj t\u00eb ndryshwm pavar\u00ebsisht se \u00e7far\u00eb feje apo etnie i p\u00ebrkasin. Ne duhet t\u00eb b\u00ebjm\u00eb nj\u00eb dallim t\u00eb qart\u00eb midis atij q\u00eb fiton nga terrori. N\u00eb fakt humbasin t\u00eb dy se lufta n\u00eb fund t\u00eb fundit \u00ebsht\u00eb vdekje. T\u00eb gjith\u00eb po b\u00ebhemi d\u00ebshmitar\u00eb se po vdesin n\u00eb m\u00ebnyr\u00eb tragjike emigrant\u00ebt q\u00eb enden n\u00eb detin Mesdhe. Duket qart\u00eb se \u00e7far\u00eb q\u00ebndrimi po mban Evropa ndaj tyre. Dhe un\u00eb e them k\u00ebt\u00eb si nj\u00eb president i nj\u00eb vendi kandidat p\u00ebr BE. E them se jemi djegur prej k\u00ebtyre gj\u00ebrave. A mund t\u00eb jemi t\u00eb pandjesh\u00ebm ndaj k\u00ebtyre njer\u00ebzve t\u00eb varf\u00ebr? A nuk duhet q\u00eb edhe vendet e zhvilluara t\u00eb prodhojn\u00eb nj\u00eb zgjidhje p\u00ebr k\u00ebta njer\u00ebz?\u201d- u shpreh Erdogan.<\/p>\n<p>N\u00eb or\u00ebt e pasdites Erdogan dhe Nishani do t\u00eb marrin pjes\u00eb n\u00eb forumin e p\u00ebrbashk\u00ebt t\u00eb biznesit Shqip\u00ebri-Turqi.\/TCH\/<\/p>\n","protected":false},"excerpt":{"rendered":"<p>Tiran\u00eb &#8211; Gjasht\u00eb vjet pas vizit\u00ebs s\u00eb fundit si kryeminist\u00ebr, Rexhep Taip Erdogan rikthehet p\u00ebr vizit\u00eb zyrtare n\u00eb Shqip\u00ebri, k\u00ebt\u00eb her\u00eb si President i shtetit turk. Udh\u00ebheq\u00ebsi i Turqis\u00eb dha dy mesazhe n\u00eb takimin me homologun shqiptar, Bujar Nishani; t\u00eb parin p\u00ebr Shqip\u00ebrin\u00eb, p\u00ebr rritjen e shk\u00ebmbimeve tregtare me vendin e tij, dhe t\u00eb dytin [&hellip;]<\/p>\n","protected":false},"author":1,"featured_media":32989,"comment_status":"open","ping_status":"open","sticky":false,"template":"","format":"standard","meta":{"footnotes":""},"categories":[14],"tags":[2229,3941],"class_list":["post-13462","post","type-post","status-publish","format-standard","has-post-thumbnail","hentry","category-kombetare","tag-erdogan","tag-nishani"],"_links":{"self":[{"href":"https:\/\/prizrenpost.com\/al\/wp-json\/wp\/v2\/posts\/13462","targetHints":{"allow":["GET"]}}],"collection":[{"href":"https:\/\/prizrenpost.com\/al\/wp-json\/wp\/v2\/posts"}],"about":[{"href":"https:\/\/prizrenpost.com\/al\/wp-json\/wp\/v2\/types\/post"}],"author":[{"embeddable":true,"href":"https:\/\/prizrenpost.com\/al\/wp-json\/wp\/v2\/users\/1"}],"replies":[{"embeddable":true,"href":"https:\/\/prizrenpost.com\/al\/wp-json\/wp\/v2\/comments?post=13462"}],"version-history":[{"count":0,"href":"https:\/\/prizrenpost.com\/al\/wp-json\/wp\/v2\/posts\/13462\/revisions"}],"wp:featuredmedia":[{"embeddable":true,"href":"https:\/\/prizrenpost.com\/al\/wp-json\/wp\/v2\/media\/32989"}],"wp:attachment":[{"href":"https:\/\/prizrenpost.com\/al\/wp-json\/wp\/v2\/media?parent=13462"}],"wp:term":[{"taxonomy":"category","embeddable":true,"href":"https:\/\/prizrenpost.com\/al\/wp-json\/wp\/v2\/categories?post=13462"},{"taxonomy":"post_tag","embeddable":true,"href":"https:\/\/prizrenpost.com\/al\/wp-json\/wp\/v2\/tags?post=13462"}],"curies":[{"name":"wp","href":"https:\/\/api.w.org\/{rel}","templated":true}]}}