{"id":13511,"date":"2015-05-16T00:23:22","date_gmt":"2015-05-15T22:23:22","guid":{"rendered":"http:\/\/prizrenpost.com\/al\/?p=13511"},"modified":"2019-01-11T10:08:29","modified_gmt":"2019-01-11T09:08:29","slug":"new-york-times-maqedonia-mund-te-ndahet","status":"publish","type":"post","link":"https:\/\/prizrenpost.com\/al\/new-york-times-maqedonia-mund-te-ndahet\/","title":{"rendered":"New York Times: Maqedonia mund t\u00eb ndahet"},"content":{"rendered":"<p><img decoding=\"async\" src=\"https:\/\/prizrenpost.com\/al\/wp-content\/uploads\/2015\/05\/shkupi.jpg\" alt=\"\" width=\"100%\" height=\"\" class=\"alignleft size-full wp-image-51500\" srcset=\"https:\/\/prizrenpost.com\/al\/wp-content\/uploads\/2015\/05\/shkupi.jpg 560w, https:\/\/prizrenpost.com\/al\/wp-content\/uploads\/2015\/05\/shkupi-300x192.jpg 300w\" sizes=\"(max-width: 560px) 100vw, 560px\" \/><\/p>\n<p><strong>SHKUP &#8211; E m\u00eb keq se kaq, ky vend ka gjas\u00eb t\u00eb vuaj\u00eb deri n\u00eb ndarje, edhe p\u00ebr shkak t\u00eb telasheve etnike, q\u00eb ridol\u00ebn n\u00eb pah nj\u00eb jav\u00eb m\u00eb par\u00eb n\u00eb Kumanov\u00eb.<\/strong><\/p>\n<p>\u201cNYT\u201d, shkruan se Maqedonia, nj\u00eb vend n\u00eb Ballkan sa Vermonti n\u00eb Amerik\u00eb, me vet\u00ebm 2 milion\u00eb banor\u00eb, shfaq tendenca shum\u00eb t\u00eb theksuara nacionaliste, pavar\u00ebsisht q\u00eb ka nj\u00eb histori si shtet me vet\u00ebm 24 vjet. Gazeta konkludon se vendi q\u00eb dikur shihej si nj\u00eb republik\u00eb me shpresa t\u00eb m\u00ebdha p\u00ebr zhvillim, gjat\u00eb koh\u00ebs komuniste n\u00eb Jugosllavi ka kaluar dekad\u00ebn e fundit, n\u00eb nj\u00eb shtet autoritar n\u00ebn udh\u00ebheqjen e vet\u00ebm nj\u00eb partie.<\/p>\n<p>VMRO-ja, si\u00e7 raporton e p\u00ebrditshmja amerikane, i ka shtypur t\u00eb drejtat e njeriut (sidomos t\u00eb shqiptar\u00ebve) ka ngulfatur mediet, ka mobilizuar forcat e siguris\u00eb, ka keqp\u00ebrdorur me sistemin e drejt\u00ebsis\u00eb dhe ka arritur q\u00eb ta largoj\u00eb edhe opozit\u00ebn nga Kuvendi.<\/p>\n<p>\u201cNYT\u201d, n\u00eb nj\u00ebfar\u00eb forme, fajin p\u00ebr krejt k\u00ebt\u00eb situat\u00eb ia l\u00eb kryeministrit Nikola Gruevski, p\u00ebr t\u00eb cilin thot\u00eb se \u201cn\u00eb nj\u00eb vlug t\u00eb shp\u00ebrthimit t\u00eb energjis\u00eb me p\u00ebrmbajtje nacionaliste, \u00ebsht\u00eb fokusuar n\u00eb nj\u00eb program t\u00eb infrastruktur\u00ebs q\u00eb duket si i pafund, e q\u00eb tani po shkon drejt p\u00ebrfundimit\u201d.<\/p>\n<p>E ky program, sipas raportit, mund t\u00eb shihet me statujat e stilit neoklasik, t\u00eb vendosura p\u00ebrgjat\u00eb lumit Vardar n\u00eb Shkup, q\u00eb jan\u00eb b\u00ebr\u00eb p\u00ebr t\u00eb krijuar iden\u00eb e nj\u00eb kombi t\u00eb ve\u00e7ant\u00eb maqedonas, duke injoruar pranin\u00eb e shqiptar\u00ebve, si nj\u00eb popullat\u00eb e num\u00ebr n\u00eb vend. Shp\u00ebtimi p\u00ebr k\u00ebt\u00eb shtet, sipas gazet\u00ebs, q\u00eb citon analist\u00eb dhe politikan\u00eb nga Shkupi, \u00ebsht\u00eb n\u00eb dor\u00ebheqjen e Gruevskit dhe at\u00eb me vullnetin e tij, pa pasur nevoj\u00eb p\u00ebr protesta t\u00eb dhunshme.<\/p>\n","protected":false},"excerpt":{"rendered":"<p>SHKUP &#8211; E m\u00eb keq se kaq, ky vend ka gjas\u00eb t\u00eb vuaj\u00eb deri n\u00eb ndarje, edhe p\u00ebr shkak t\u00eb telasheve etnike, q\u00eb ridol\u00ebn n\u00eb pah nj\u00eb jav\u00eb m\u00eb par\u00eb n\u00eb Kumanov\u00eb. \u201cNYT\u201d, shkruan se Maqedonia, nj\u00eb vend n\u00eb Ballkan sa Vermonti n\u00eb Amerik\u00eb, me vet\u00ebm 2 milion\u00eb banor\u00eb, shfaq tendenca shum\u00eb t\u00eb theksuara nacionaliste, [&hellip;]<\/p>\n","protected":false},"author":1,"featured_media":51500,"comment_status":"open","ping_status":"open","sticky":false,"template":"","format":"standard","meta":{"footnotes":""},"categories":[1],"tags":[888,4467],"class_list":["post-13511","post","type-post","status-publish","format-standard","has-post-thumbnail","hentry","category-lajme","tag-maqedonia","tag-the-new-york-times"],"_links":{"self":[{"href":"https:\/\/prizrenpost.com\/al\/wp-json\/wp\/v2\/posts\/13511","targetHints":{"allow":["GET"]}}],"collection":[{"href":"https:\/\/prizrenpost.com\/al\/wp-json\/wp\/v2\/posts"}],"about":[{"href":"https:\/\/prizrenpost.com\/al\/wp-json\/wp\/v2\/types\/post"}],"author":[{"embeddable":true,"href":"https:\/\/prizrenpost.com\/al\/wp-json\/wp\/v2\/users\/1"}],"replies":[{"embeddable":true,"href":"https:\/\/prizrenpost.com\/al\/wp-json\/wp\/v2\/comments?post=13511"}],"version-history":[{"count":0,"href":"https:\/\/prizrenpost.com\/al\/wp-json\/wp\/v2\/posts\/13511\/revisions"}],"wp:featuredmedia":[{"embeddable":true,"href":"https:\/\/prizrenpost.com\/al\/wp-json\/wp\/v2\/media\/51500"}],"wp:attachment":[{"href":"https:\/\/prizrenpost.com\/al\/wp-json\/wp\/v2\/media?parent=13511"}],"wp:term":[{"taxonomy":"category","embeddable":true,"href":"https:\/\/prizrenpost.com\/al\/wp-json\/wp\/v2\/categories?post=13511"},{"taxonomy":"post_tag","embeddable":true,"href":"https:\/\/prizrenpost.com\/al\/wp-json\/wp\/v2\/tags?post=13511"}],"curies":[{"name":"wp","href":"https:\/\/api.w.org\/{rel}","templated":true}]}}