{"id":13624,"date":"2015-05-20T14:30:37","date_gmt":"2015-05-20T12:30:37","guid":{"rendered":"http:\/\/prizrenpost.com\/al\/?p=13624"},"modified":"2018-12-23T22:12:51","modified_gmt":"2018-12-23T21:12:51","slug":"deklarativisht-me-be-ne-por-me-koke-drejt-moskes","status":"publish","type":"post","link":"https:\/\/prizrenpost.com\/al\/deklarativisht-me-be-ne-por-me-koke-drejt-moskes\/","title":{"rendered":"Deklarativisht me BE-n\u00eb, por me kok\u00eb drejt Mosk\u00ebs!"},"content":{"rendered":"<p><img loading=\"lazy\" decoding=\"async\" src=\"https:\/\/prizrenpost.com\/al\/wp-content\/uploads\/2015\/05\/macedonian-flagmap-1.png\" alt=\"\" width=\"400\" height=\"400\" class=\"alignleft size-full wp-image-50872\" srcset=\"https:\/\/prizrenpost.com\/al\/wp-content\/uploads\/2015\/05\/macedonian-flagmap-1.png 400w, https:\/\/prizrenpost.com\/al\/wp-content\/uploads\/2015\/05\/macedonian-flagmap-1-150x150.png 150w, https:\/\/prizrenpost.com\/al\/wp-content\/uploads\/2015\/05\/macedonian-flagmap-1-300x300.png 300w, https:\/\/prizrenpost.com\/al\/wp-content\/uploads\/2015\/05\/macedonian-flagmap-1-100x100.png 100w\" sizes=\"auto, (max-width: 400px) 100vw, 400px\" \/><\/p>\n<p><strong>Shkup &#8211; Diplomat\u00ebt e huaj shohin mosinteresim te kreu shtet\u00ebror i Maqedonis\u00eb p\u00ebr integrim real n\u00eb BE dhe NATO. Pik\u00ebrisht k\u00ebta diplomat\u00eb jan\u00eb t\u00eb njohur mr refrenin e Gruevskit se vet\u00ebm n\u00eb m\u00ebnyr\u00eb declarative e p\u00eblqen integrimin n\u00eb strukturat veri-atlantike dhe BE mir\u00ebpo praktikisht nuk b\u00ebn asgj\u00eb n\u00eb k\u00ebt\u00eb drejtim.<\/strong><\/p>\n<p>Maqedonia po shkon drejt izolimit para bot\u00ebs. Politika nacionaliste e kryeministrit Gruevski dhe partis\u00eb s\u00eb tij VMRO-DPMNE e cila e ka presidenti n e shtetit dhe t\u00eb gjitha institucionet e shtetit ka b\u00ebr\u00eb q\u00eb gjat\u00eb 5 viteve t\u00eb fundit Maqedonia t\u00eb mos vizitohet nga asnj\u00eb burrshtetas i madh i BE-s\u00eb dhe SHBA-ve, raporton Zhurnal.<\/p>\n<p>Nga ana tjet\u00ebr BE-ja me shum\u00eb shqet\u00ebsim i ndjek zhvillimet n\u00eb Maqedoni e sidomos simpatit\u00eb e kreut t\u00eb qeveris\u00eb Gruevski I cili viteve t\u00eb fundit realizon takime me kreun m\u00eb t\u00eb lart\u00eb rus t\u00eb udh\u00ebhequr nga Vlladimir Putin. <\/p>\n<p>\u00cbsht\u00eb fakt se n\u00eb Maqedoni nj\u00eb num\u00ebr i madh i bizneseve ruse kan\u00eb gjetur mb\u00ebshtetjen e madhe t\u00eb qeveris\u00eb s\u00eb Gruevskit. Ky dominim rus dhe n\u00eb ekonomi dhe politik\u00eb e largon Maqedonin\u00eb nga integrimi n\u00eb BE dhe NATO, b\u00ebn t\u00eb ditur Zhurnal.    <\/p>\n<p>Qytetar\u00ebt e Maqedonis\u00eb sidomos ata shqiptar\u00eb gjat\u00eb anketimeve mbi 90 p\u00ebr qind jan\u00eb p\u00ebr an\u00ebtar\u00ebsim n\u00eb BE dhe NATO, pasi i \u00e7mojn\u00eb vlerat evropiane dhe per\u00ebndimore. Ndryshe nga shqiptar\u00ebt, maqedonasit jan\u00eb skeptik dhe gati n\u00eb t\u00eb gjitha anketat vet\u00ebm 40 p\u00ebr qind e t\u00eb anketuarve maqedonas p\u00eblqejn\u00eb integrimin nd\u00ebrsa simpatit\u00eb i kan\u00eb ndaj Rusis\u00eb dhe Serbis\u00eb. <\/p>\n<p>Ky perceptim d\u00ebshmon mos-sinqeritetin e kryeministrit Gruevski dhe partis\u00eb s\u00eb tij VMRO-DPMNE, e cila nga nj\u00ebra an\u00eb premton integrim nd\u00ebrsa nga ana tjet\u00ebr me kok\u00ebn \u00ebsht\u00eb e kthyer kah Rusia. <\/p>\n<p>Gjat\u00eb dhjet\u00eb viteve t\u00eb fundit kur n\u00eb vitin 2005 Maqedonia mori p\u00ebr her\u00eb t\u00eb par\u00eb statusin e vendit kandidat p\u00ebr an\u00ebtar\u00ebsim n\u00eb BE alarmi \u00ebsht\u00eb ngritur nga shefi i diplomacis\u00eb sllovake, Mirosllav Laj\u00e7ak, i cili n\u00eb deklarat\u00ebn e tij t\u00eb fundit paralajm\u00ebron rrezikun Maqedonia t\u00eb humb rekomandimin p\u00ebr nisjen e bisedimeve p\u00ebr an\u00ebtar\u00ebsim n\u00eb BE. <\/p>\n<p>\u201cVendi nj\u00eb koh\u00eb t\u00eb gjat\u00eb nuk ka realizuar p\u00ebrparim n\u00eb rrug\u00ebn drejt BE-s\u00eb. K\u00ebsaj radhe nuk jam i sigurt se rekomandimi p\u00ebr negociata me BE-n\u00eb do t\u00eb mund t\u00eb p\u00ebrs\u00ebritet\u201d, ka th\u00ebn\u00eb diplomati Laj\u00e7ak. <\/p>\n","protected":false},"excerpt":{"rendered":"<p>Shkup &#8211; Diplomat\u00ebt e huaj shohin mosinteresim te kreu shtet\u00ebror i Maqedonis\u00eb p\u00ebr integrim real n\u00eb BE dhe NATO. Pik\u00ebrisht k\u00ebta diplomat\u00eb jan\u00eb t\u00eb njohur mr refrenin e Gruevskit se vet\u00ebm n\u00eb m\u00ebnyr\u00eb declarative e p\u00eblqen integrimin n\u00eb strukturat veri-atlantike dhe BE mir\u00ebpo praktikisht nuk b\u00ebn asgj\u00eb n\u00eb k\u00ebt\u00eb drejtim. Maqedonia po shkon drejt izolimit [&hellip;]<\/p>\n","protected":false},"author":1,"featured_media":50872,"comment_status":"open","ping_status":"open","sticky":false,"template":"","format":"standard","meta":{"footnotes":""},"categories":[1],"tags":[888],"class_list":["post-13624","post","type-post","status-publish","format-standard","has-post-thumbnail","hentry","category-lajme","tag-maqedonia"],"_links":{"self":[{"href":"https:\/\/prizrenpost.com\/al\/wp-json\/wp\/v2\/posts\/13624","targetHints":{"allow":["GET"]}}],"collection":[{"href":"https:\/\/prizrenpost.com\/al\/wp-json\/wp\/v2\/posts"}],"about":[{"href":"https:\/\/prizrenpost.com\/al\/wp-json\/wp\/v2\/types\/post"}],"author":[{"embeddable":true,"href":"https:\/\/prizrenpost.com\/al\/wp-json\/wp\/v2\/users\/1"}],"replies":[{"embeddable":true,"href":"https:\/\/prizrenpost.com\/al\/wp-json\/wp\/v2\/comments?post=13624"}],"version-history":[{"count":0,"href":"https:\/\/prizrenpost.com\/al\/wp-json\/wp\/v2\/posts\/13624\/revisions"}],"wp:featuredmedia":[{"embeddable":true,"href":"https:\/\/prizrenpost.com\/al\/wp-json\/wp\/v2\/media\/50872"}],"wp:attachment":[{"href":"https:\/\/prizrenpost.com\/al\/wp-json\/wp\/v2\/media?parent=13624"}],"wp:term":[{"taxonomy":"category","embeddable":true,"href":"https:\/\/prizrenpost.com\/al\/wp-json\/wp\/v2\/categories?post=13624"},{"taxonomy":"post_tag","embeddable":true,"href":"https:\/\/prizrenpost.com\/al\/wp-json\/wp\/v2\/tags?post=13624"}],"curies":[{"name":"wp","href":"https:\/\/api.w.org\/{rel}","templated":true}]}}