{"id":13698,"date":"2015-06-08T19:06:05","date_gmt":"2015-06-08T17:06:05","guid":{"rendered":"http:\/\/prizrenpost.com\/al\/?p=13698"},"modified":"2018-06-02T00:20:05","modified_gmt":"2018-06-01T22:20:05","slug":"erdogan-per-zgjedhjet-ky-proces-te-jete-ne-te-mire-te-popullit-te-turqise","status":"publish","type":"post","link":"https:\/\/prizrenpost.com\/al\/erdogan-per-zgjedhjet-ky-proces-te-jete-ne-te-mire-te-popullit-te-turqise\/","title":{"rendered":"Erdo\u011fan p\u00ebr zgjedhjet: Ky proces t\u00eb jet\u00eb n\u00eb t\u00eb mir\u00eb t\u00eb popullit t\u00eb Turqis\u00eb"},"content":{"rendered":"<p><img decoding=\"async\" src=\"https:\/\/prizrenpost.com\/al\/wp-content\/uploads\/2015\/06\/erdogan-1.jpg\" alt=\"\" width=\"100%\" height=\"\" class=\"alignleft size-full wp-image-40193\" srcset=\"https:\/\/prizrenpost.com\/al\/wp-content\/uploads\/2015\/06\/erdogan-1.jpg 625w, https:\/\/prizrenpost.com\/al\/wp-content\/uploads\/2015\/06\/erdogan-1-300x204.jpg 300w\" sizes=\"(max-width: 625px) 100vw, 625px\" \/><\/p>\n<p>Ankara &#8211; Presidenti i Turqis\u00eb, Recep Tayyip Erdo\u011fan duke iu referuar zgjedhjeve t\u00eb p\u00ebrgjithshme u shpreh se: &#8220;Ka shum\u00eb r\u00ebnd\u00ebsi q\u00eb n\u00eb k\u00ebt\u00eb proces t\u00eb ri ku \u00ebsht\u00eb futur Turqia pas zgjedhjeve, partit\u00eb politike t\u00eb mbajn\u00eb nj\u00eb q\u00ebndrim t\u00eb kujdessh\u00ebm ku t\u00eb mund t\u00eb marrin p\u00ebrgjegj\u00ebsit\u00eb mbi zhvillimin e m\u00ebtejsh\u00ebm t\u00eb demokracis\u00eb dhe stabilitetit n\u00eb vend&#8221;, raporton Anadolu Agency (AA).<\/p>\n<p>Presidenti i Turqis\u00eb Erdo\u011fan ka b\u00ebr\u00eb reagimin e tij t\u00eb par\u00eb ndaj zgjedhjeve parlamentare t\u00eb zhvilluara n\u00eb Turqi, reagim ky i publikuar n\u00eb uebin zyrtar t\u00eb Presidenc\u00ebs.<\/p>\n<p>N\u00eb deklarat\u00ebn n\u00eb fjal\u00eb Erdo\u011fan shpreson q\u00eb ky proces t\u00eb jet\u00eb n\u00eb t\u00eb mir\u00eb t\u00eb popullit t\u00eb Turqis\u00eb. N\u00eb deklarat\u00eb nd\u00ebr t\u00eb tjera thuhet: &#8220;Pjes\u00ebmarrja e lart\u00eb n\u00eb votime tregon stabilitetin dhe k\u00ebrkes\u00ebn me ngulm t\u00eb popullit ton\u00eb ndaj demokracis\u00eb. Vota e popullit \u00ebsht\u00eb mbi \u00e7do gj\u00eb. Shpresoj q\u00eb partit\u00eb politike q\u00eb kan\u00eb mundur t\u00eb fitojn\u00eb t\u00eb drejt\u00ebn e hyrjes n\u00eb Parlament do ta vler\u00ebsojn\u00eb me qet\u00ebsi k\u00ebt\u00eb proces pasi k\u00ebto p\u00ebrfundime tregojn\u00eb q\u00eb asnj\u00eb parti nuk mund t\u00eb formoj\u00eb e vetme qeverin\u00eb&#8221;.<\/p>\n<p>&#8220;Ka shum\u00eb r\u00ebnd\u00ebsi q\u00eb n\u00eb k\u00ebt\u00eb proces t\u00eb ri ku \u00ebsht\u00eb futur Turqia pas zgjedhjeve, partit\u00eb politike t\u00eb mbajn\u00eb nj\u00eb q\u00ebndrim t\u00eb kujdessh\u00ebm ku t\u00eb mund t\u00eb marrin p\u00ebrgjegj\u00ebsit\u00eb mbi zhvillimin e m\u00ebtejsh\u00ebm t\u00eb demokracis\u00eb dhe stabilitetit n\u00eb vend. Fal\u00ebnderoj popullin turk p\u00ebr interesin ndaj k\u00ebtyre zgjedhjeve, K\u00ebshillin e Lart\u00eb t\u00eb Zgjedhjeve, KZAZ t\u00eb gjith\u00eb rajoneve, si dhe forcat e siguris\u00eb p\u00ebr gatishm\u00ebrin\u00eb dhe pun\u00ebn  e palodhur q\u00eb b\u00ebn\u00eb gjat\u00eb k\u00ebtyre zgjedhjeve&#8221; thuhet nd\u00ebr t\u00eb tjera n\u00eb deklarat\u00ebn e Erdo\u011fan publikuar  n\u00eb faqen zyrtare t\u00eb Presidenc\u00ebs s\u00eb Turqis\u00eb.<\/p>\n","protected":false},"excerpt":{"rendered":"<p>Ankara &#8211; Presidenti i Turqis\u00eb, Recep Tayyip Erdo\u011fan duke iu referuar zgjedhjeve t\u00eb p\u00ebrgjithshme u shpreh se: &#8220;Ka shum\u00eb r\u00ebnd\u00ebsi q\u00eb n\u00eb k\u00ebt\u00eb proces t\u00eb ri ku \u00ebsht\u00eb futur Turqia pas zgjedhjeve, partit\u00eb politike t\u00eb mbajn\u00eb nj\u00eb q\u00ebndrim t\u00eb kujdessh\u00ebm ku t\u00eb mund t\u00eb marrin p\u00ebrgjegj\u00ebsit\u00eb mbi zhvillimin e m\u00ebtejsh\u00ebm t\u00eb demokracis\u00eb dhe stabilitetit n\u00eb [&hellip;]<\/p>\n","protected":false},"author":1,"featured_media":40193,"comment_status":"open","ping_status":"open","sticky":false,"template":"","format":"standard","meta":{"footnotes":""},"categories":[1],"tags":[2229,310],"class_list":["post-13698","post","type-post","status-publish","format-standard","has-post-thumbnail","hentry","category-lajme","tag-erdogan","tag-turqia"],"_links":{"self":[{"href":"https:\/\/prizrenpost.com\/al\/wp-json\/wp\/v2\/posts\/13698","targetHints":{"allow":["GET"]}}],"collection":[{"href":"https:\/\/prizrenpost.com\/al\/wp-json\/wp\/v2\/posts"}],"about":[{"href":"https:\/\/prizrenpost.com\/al\/wp-json\/wp\/v2\/types\/post"}],"author":[{"embeddable":true,"href":"https:\/\/prizrenpost.com\/al\/wp-json\/wp\/v2\/users\/1"}],"replies":[{"embeddable":true,"href":"https:\/\/prizrenpost.com\/al\/wp-json\/wp\/v2\/comments?post=13698"}],"version-history":[{"count":0,"href":"https:\/\/prizrenpost.com\/al\/wp-json\/wp\/v2\/posts\/13698\/revisions"}],"wp:featuredmedia":[{"embeddable":true,"href":"https:\/\/prizrenpost.com\/al\/wp-json\/wp\/v2\/media\/40193"}],"wp:attachment":[{"href":"https:\/\/prizrenpost.com\/al\/wp-json\/wp\/v2\/media?parent=13698"}],"wp:term":[{"taxonomy":"category","embeddable":true,"href":"https:\/\/prizrenpost.com\/al\/wp-json\/wp\/v2\/categories?post=13698"},{"taxonomy":"post_tag","embeddable":true,"href":"https:\/\/prizrenpost.com\/al\/wp-json\/wp\/v2\/tags?post=13698"}],"curies":[{"name":"wp","href":"https:\/\/api.w.org\/{rel}","templated":true}]}}