{"id":13713,"date":"2015-06-09T21:13:18","date_gmt":"2015-06-09T19:13:18","guid":{"rendered":"http:\/\/prizrenpost.com\/al\/?p=13713"},"modified":"2019-02-21T16:09:49","modified_gmt":"2019-02-21T15:09:49","slug":"isa-boletini-arrin-ne-vendlindje","status":"publish","type":"post","link":"https:\/\/prizrenpost.com\/al\/isa-boletini-arrin-ne-vendlindje\/","title":{"rendered":"Isa Boletini arrin n\u00eb vendlindje"},"content":{"rendered":"<p><img decoding=\"async\" src=\"https:\/\/prizrenpost.com\/al\/wp-content\/uploads\/2015\/06\/isa-boletini.jpg\" alt=\"\" width=\"100%\" height=\"\" class=\"alignleft size-full wp-image-53058\" srcset=\"https:\/\/prizrenpost.com\/al\/wp-content\/uploads\/2015\/06\/isa-boletini.jpg 462w, https:\/\/prizrenpost.com\/al\/wp-content\/uploads\/2015\/06\/isa-boletini-300x109.jpg 300w\" sizes=\"(max-width: 462px) 100vw, 462px\" \/><\/p>\n<p><strong>Pas homazheve q\u00eb iu b\u00ebn\u00eb eshtrave t\u00eb heroit komb\u00ebtar\u00eb Isa Boletini n\u00eb Prishtin\u00eb, arkivoli ka vazhduar n\u00eb rrug\u00ebn p\u00ebr qytetin e Mitrovic\u00ebs.<\/strong><\/p>\n<p>Eskorta q\u00eb barte eshtrat e tij, n\u00eb Mitrovic\u00eb ka arrit\u00eb pak pas or\u00ebs 19:00. Nes\u00ebr, n\u00eb stadiumin e qytetit, \u201cAdem Jashari\u201d qytetar\u00ebt do t\u00eb ken\u00eb mund\u00ebsi q\u00eb t\u00eb b\u00ebjn\u00eb homazhe duke filluar n\u00eb or\u00ebn 8:30 e deri n\u00eb pas or\u00ebs 15:00 kur edhe arkivoli merr rrug\u00eb p\u00ebr n\u00eb Boletin, fshatin e Isa Boletinit, ku edhe do t\u00eb rivarroset. Rivarrimi i Isa Boletinit ishte menduar t\u00eb b\u00ebhet n\u00eb Vlor\u00eb, por ishin familjar\u00ebt, hisotrian\u00ebt dhe kryetari i Mitrovic\u00ebs s\u00eb Jugut, Agim Bahtiri. <\/p>\n","protected":false},"excerpt":{"rendered":"<p>Pas homazheve q\u00eb iu b\u00ebn\u00eb eshtrave t\u00eb heroit komb\u00ebtar\u00eb Isa Boletini n\u00eb Prishtin\u00eb, arkivoli ka vazhduar n\u00eb rrug\u00ebn p\u00ebr qytetin e Mitrovic\u00ebs. Eskorta q\u00eb barte eshtrat e tij, n\u00eb Mitrovic\u00eb ka arrit\u00eb pak pas or\u00ebs 19:00. Nes\u00ebr, n\u00eb stadiumin e qytetit, \u201cAdem Jashari\u201d qytetar\u00ebt do t\u00eb ken\u00eb mund\u00ebsi q\u00eb t\u00eb b\u00ebjn\u00eb homazhe duke filluar n\u00eb [&hellip;]<\/p>\n","protected":false},"author":1,"featured_media":53058,"comment_status":"open","ping_status":"open","sticky":false,"template":"","format":"standard","meta":{"footnotes":""},"categories":[1],"tags":[2689,48],"class_list":["post-13713","post","type-post","status-publish","format-standard","has-post-thumbnail","hentry","category-lajme","tag-isa-boletini","tag-kosove"],"_links":{"self":[{"href":"https:\/\/prizrenpost.com\/al\/wp-json\/wp\/v2\/posts\/13713","targetHints":{"allow":["GET"]}}],"collection":[{"href":"https:\/\/prizrenpost.com\/al\/wp-json\/wp\/v2\/posts"}],"about":[{"href":"https:\/\/prizrenpost.com\/al\/wp-json\/wp\/v2\/types\/post"}],"author":[{"embeddable":true,"href":"https:\/\/prizrenpost.com\/al\/wp-json\/wp\/v2\/users\/1"}],"replies":[{"embeddable":true,"href":"https:\/\/prizrenpost.com\/al\/wp-json\/wp\/v2\/comments?post=13713"}],"version-history":[{"count":0,"href":"https:\/\/prizrenpost.com\/al\/wp-json\/wp\/v2\/posts\/13713\/revisions"}],"wp:featuredmedia":[{"embeddable":true,"href":"https:\/\/prizrenpost.com\/al\/wp-json\/wp\/v2\/media\/53058"}],"wp:attachment":[{"href":"https:\/\/prizrenpost.com\/al\/wp-json\/wp\/v2\/media?parent=13713"}],"wp:term":[{"taxonomy":"category","embeddable":true,"href":"https:\/\/prizrenpost.com\/al\/wp-json\/wp\/v2\/categories?post=13713"},{"taxonomy":"post_tag","embeddable":true,"href":"https:\/\/prizrenpost.com\/al\/wp-json\/wp\/v2\/tags?post=13713"}],"curies":[{"name":"wp","href":"https:\/\/api.w.org\/{rel}","templated":true}]}}