{"id":14026,"date":"2015-06-30T16:28:00","date_gmt":"2015-06-30T14:28:00","guid":{"rendered":"http:\/\/prizrenpost.com\/al\/?p=14026"},"modified":"2018-12-06T12:43:16","modified_gmt":"2018-12-06T11:43:16","slug":"turqia-vendos-forca-shtese-ne-kufirin-me-sirine","status":"publish","type":"post","link":"https:\/\/prizrenpost.com\/al\/turqia-vendos-forca-shtese-ne-kufirin-me-sirine\/","title":{"rendered":"Turqia vendos forca shtes\u00eb n\u00eb kufirin me Sirin\u00eb"},"content":{"rendered":"<p><img decoding=\"async\" src=\"https:\/\/prizrenpost.com\/al\/wp-content\/uploads\/2015\/06\/forcat-turke.jpg\" alt=\"\" width=\"100%\" height=\"\" class=\"alignleft size-full wp-image-49099\" srcset=\"https:\/\/prizrenpost.com\/al\/wp-content\/uploads\/2015\/06\/forcat-turke.jpg 625w, https:\/\/prizrenpost.com\/al\/wp-content\/uploads\/2015\/06\/forcat-turke-300x204.jpg 300w\" sizes=\"(max-width: 625px) 100vw, 625px\" \/><\/p>\n<p><strong>Tanket dhe automjete t\u00eb tjera t\u00eb blinduara me nj\u00ebsit\u00eb mb\u00ebshtetese jan\u00eb vendosur n\u00eb lagjen Elbejli, p\u00ebrgjat\u00eb kufirit me Sirin\u00eb<\/strong><\/p>\n<p>GAZIANTEP &#8211; Forcat shtes\u00eb t\u00eb ushtris\u00eb s\u00eb Turqis\u00eb jan\u00eb vendosur n\u00eb af\u00ebrsi t\u00eb Kilisit, qytetit n\u00eb jug t\u00eb Turqis\u00eb p\u00ebrgjat\u00eb kufirit me Sirin\u00eb.<\/p>\n<p>Si\u00e7 \u00ebsht\u00eb konfirmuar nga Shtabi i P\u00ebrgjithsh\u00ebm i Forcave t\u00eb Armatosura t\u00eb Turqis\u00eb, n\u00eb rajonin n\u00eb kufi me Sirin\u00eb, n\u00eb af\u00ebrsi t\u00eb Gaziantep, jan\u00eb d\u00ebrguar gjithsej 32 tanke, disa dhjet\u00ebra automjete t\u00eb blinduara me nj\u00ebsit\u00eb mb\u00ebshtet\u00ebse dhe ekuipazhe. <\/p>\n<p>Tanket dhe automjete t\u00eb tjera t\u00eb blinduara me ekuipazh jan\u00eb vendosur n\u00eb lagjen Elbejli, p\u00ebrgjat\u00eb kufirit me Sirin\u00eb. <\/p>\n<p>Z\u00ebdh\u00ebn\u00ebsi i presidentit turk, Ibrahim Kalin, ka pohuar n\u00eb prononcimin e sot\u00ebm para gazetar\u00ebve n\u00eb Ankara se vendosja e forcave shtes\u00eb n\u00eb af\u00ebrsi t\u00eb kufirit sirian nuk do t\u00eb thot\u00eb se Turqia hyn\u00eb n\u00eb luft\u00eb kund\u00ebr dikujt, apo n\u00eb an\u00ebn e dikujt. <\/p>\n<p>Ai, duke komentuar pretendimet e m\u00ebparshme se &#8220;Turqia d\u00ebrgon forcat n\u00eb Siri&#8221;, tha se k\u00ebto fjal\u00eb nuk kan\u00eb lidhje me t\u00eb v\u00ebrtet\u00ebn, &#8220;kushdo q\u00eb i flet.&#8221; \/AA\/<\/p>\n","protected":false},"excerpt":{"rendered":"<p>Tanket dhe automjete t\u00eb tjera t\u00eb blinduara me nj\u00ebsit\u00eb mb\u00ebshtetese jan\u00eb vendosur n\u00eb lagjen Elbejli, p\u00ebrgjat\u00eb kufirit me Sirin\u00eb GAZIANTEP &#8211; Forcat shtes\u00eb t\u00eb ushtris\u00eb s\u00eb Turqis\u00eb jan\u00eb vendosur n\u00eb af\u00ebrsi t\u00eb Kilisit, qytetit n\u00eb jug t\u00eb Turqis\u00eb p\u00ebrgjat\u00eb kufirit me Sirin\u00eb. Si\u00e7 \u00ebsht\u00eb konfirmuar nga Shtabi i P\u00ebrgjithsh\u00ebm i Forcave t\u00eb Armatosura t\u00eb Turqis\u00eb, [&hellip;]<\/p>\n","protected":false},"author":1,"featured_media":49099,"comment_status":"open","ping_status":"open","sticky":false,"template":"","format":"standard","meta":{"footnotes":""},"categories":[1],"tags":[844,310],"class_list":["post-14026","post","type-post","status-publish","format-standard","has-post-thumbnail","hentry","category-lajme","tag-siria","tag-turqia"],"_links":{"self":[{"href":"https:\/\/prizrenpost.com\/al\/wp-json\/wp\/v2\/posts\/14026","targetHints":{"allow":["GET"]}}],"collection":[{"href":"https:\/\/prizrenpost.com\/al\/wp-json\/wp\/v2\/posts"}],"about":[{"href":"https:\/\/prizrenpost.com\/al\/wp-json\/wp\/v2\/types\/post"}],"author":[{"embeddable":true,"href":"https:\/\/prizrenpost.com\/al\/wp-json\/wp\/v2\/users\/1"}],"replies":[{"embeddable":true,"href":"https:\/\/prizrenpost.com\/al\/wp-json\/wp\/v2\/comments?post=14026"}],"version-history":[{"count":0,"href":"https:\/\/prizrenpost.com\/al\/wp-json\/wp\/v2\/posts\/14026\/revisions"}],"wp:featuredmedia":[{"embeddable":true,"href":"https:\/\/prizrenpost.com\/al\/wp-json\/wp\/v2\/media\/49099"}],"wp:attachment":[{"href":"https:\/\/prizrenpost.com\/al\/wp-json\/wp\/v2\/media?parent=14026"}],"wp:term":[{"taxonomy":"category","embeddable":true,"href":"https:\/\/prizrenpost.com\/al\/wp-json\/wp\/v2\/categories?post=14026"},{"taxonomy":"post_tag","embeddable":true,"href":"https:\/\/prizrenpost.com\/al\/wp-json\/wp\/v2\/tags?post=14026"}],"curies":[{"name":"wp","href":"https:\/\/api.w.org\/{rel}","templated":true}]}}