{"id":14310,"date":"2015-07-15T23:10:53","date_gmt":"2015-07-15T21:10:53","guid":{"rendered":"http:\/\/prizrenpost.com\/al\/?p=14310"},"modified":"2019-02-24T21:06:07","modified_gmt":"2019-02-24T20:06:07","slug":"mot-me-diell-gjate-diteve-te-bajramit","status":"publish","type":"post","link":"https:\/\/prizrenpost.com\/al\/mot-me-diell-gjate-diteve-te-bajramit\/","title":{"rendered":"Mot me diell gjat\u00eb dit\u00ebve t\u00eb Bajramit"},"content":{"rendered":"<p><img decoding=\"async\" src=\"https:\/\/prizrenpost.com\/al\/wp-content\/uploads\/2015\/07\/moti-1.jpg\" alt=\"\" width=\"100%\" height=\"\" class=\"alignleft size-full wp-image-53593\" srcset=\"https:\/\/prizrenpost.com\/al\/wp-content\/uploads\/2015\/07\/moti-1.jpg 620w, https:\/\/prizrenpost.com\/al\/wp-content\/uploads\/2015\/07\/moti-1-300x174.jpg 300w\" sizes=\"(max-width: 620px) 100vw, 620px\" \/><\/p>\n<p><strong>Nga dita e enjte deri t\u00eb diel\u00ebn do t\u00eb mbaj\u00eb mot kryesisht me diell, si n\u00eb Kosov\u00eb ashtu edhe n\u00eb Shqip\u00ebri, njoftoi Instituti Hidrometeorologjik i Kosov\u00ebs.<\/strong><\/p>\n<p>Temperaturat m\u00eb t\u00eb ul\u00ebta do t\u00eb l\u00ebvizin nd\u00ebrmjet 13-16 grad\u00eb Celsius, kurse maksimalet e dit\u00ebs nd\u00ebrmjet 29 dhe 33grad\u00eb Celsius.<\/p>\n<p>K\u00ebto masa t\u00eb nxehta t\u00eb ajrit kan\u00eb origjin\u00eb nga veriu i Kontinentit dhe do t\u00eb jen\u00eb t\u00eb q\u00ebndrueshme edhe p\u00ebr disa dit\u00eb. Do t\u00eb fryj\u00eb er\u00eb nga veriu dhe veriper\u00ebndimi me shpejt\u00ebsi 1-7m\/s.<\/p>\n<p>Temperaturat e \u201clarta\u201cq\u00eb po mbajn\u00eb k\u00ebto dit\u00eb u p\u00ebrgjigjen gjat\u00ebsive dhe gjer\u00ebsive gjeografike t\u00eb vendit ton\u00eb, do t\u00eb thot\u00eb se jan\u00eb shum\u00eb normale kur kemi parasysh muajin dhe stin\u00ebn q\u00eb jemi, thuhet n\u00eb njoftimin e UHMK-s\u00eb.<\/p>\n<p>Shqip\u00ebria do t\u00eb dominohet nga nj\u00eb mot me diell dhe me vlerat e maksimaleve n\u00eb rritje. Temperaturat minimale p\u00ebrgjat\u00eb vij\u00ebs bregdetare do t\u00eb l\u00ebvizin nga 22grad\u00eb n\u00eb Velipoj\u00eb deri n\u00eb 25 grad\u00eb n\u00eb Sarand\u00eb, kurse maksimalet e dit\u00ebs do t\u00eb l\u00ebvizin nga 37grad\u00eb n\u00eb jug deri 38grad\u00eb Celsius n\u00eb veri t\u00eb vendit.<\/p>\n<p>Sa i p\u00ebrket Evrop\u00ebs, IHMK njofton se temperaturat e larta vazhdojn\u00eb t\u00eb sh\u00ebnohen n\u00eb Gadishullin Iberik dhe Gadishullin e Ballkanit. Temperatura t\u00eb larta rreth 39 grad\u00eb celsius do t\u00eb jen\u00eb n\u00eb Spanj\u00eb. Edhe Evropa Juglindore dhe ajo Qendrore do t\u00eb dominohet nga kthjellime dhe vran\u00ebsira t\u00eb shp\u00ebrndara. Nj\u00eb mot krejt\u00ebsisht ndryshe do t\u00eb dominoj\u00eb n\u00eb Evrop\u00ebn Veriore dhe at\u00eb Lindore, ku do t\u00eb ket\u00eb rrebeshe shiu dhe er\u00ebra t\u00eb forta, kurse ishujt britanik\u00eb do t\u00eb shoq\u00ebrohen me riga shiu dhe me temperatura maksimale n\u00ebn 26 grad\u00eb Celsius. Gjat\u00eb parashikimit p\u00ebr Evrop\u00ebn IHMK \u00ebsht\u00eb bazuar n\u00eb imazhet satelitore dhe parashikimet numerike, thuhet n\u00eb njoftim. <\/p>\n","protected":false},"excerpt":{"rendered":"<p>Nga dita e enjte deri t\u00eb diel\u00ebn do t\u00eb mbaj\u00eb mot kryesisht me diell, si n\u00eb Kosov\u00eb ashtu edhe n\u00eb Shqip\u00ebri, njoftoi Instituti Hidrometeorologjik i Kosov\u00ebs. Temperaturat m\u00eb t\u00eb ul\u00ebta do t\u00eb l\u00ebvizin nd\u00ebrmjet 13-16 grad\u00eb Celsius, kurse maksimalet e dit\u00ebs nd\u00ebrmjet 29 dhe 33grad\u00eb Celsius. K\u00ebto masa t\u00eb nxehta t\u00eb ajrit kan\u00eb origjin\u00eb nga [&hellip;]<\/p>\n","protected":false},"author":1,"featured_media":53593,"comment_status":"open","ping_status":"open","sticky":false,"template":"","format":"standard","meta":{"footnotes":""},"categories":[1],"tags":[3711],"class_list":["post-14310","post","type-post","status-publish","format-standard","has-post-thumbnail","hentry","category-lajme","tag-moti"],"_links":{"self":[{"href":"https:\/\/prizrenpost.com\/al\/wp-json\/wp\/v2\/posts\/14310","targetHints":{"allow":["GET"]}}],"collection":[{"href":"https:\/\/prizrenpost.com\/al\/wp-json\/wp\/v2\/posts"}],"about":[{"href":"https:\/\/prizrenpost.com\/al\/wp-json\/wp\/v2\/types\/post"}],"author":[{"embeddable":true,"href":"https:\/\/prizrenpost.com\/al\/wp-json\/wp\/v2\/users\/1"}],"replies":[{"embeddable":true,"href":"https:\/\/prizrenpost.com\/al\/wp-json\/wp\/v2\/comments?post=14310"}],"version-history":[{"count":0,"href":"https:\/\/prizrenpost.com\/al\/wp-json\/wp\/v2\/posts\/14310\/revisions"}],"wp:featuredmedia":[{"embeddable":true,"href":"https:\/\/prizrenpost.com\/al\/wp-json\/wp\/v2\/media\/53593"}],"wp:attachment":[{"href":"https:\/\/prizrenpost.com\/al\/wp-json\/wp\/v2\/media?parent=14310"}],"wp:term":[{"taxonomy":"category","embeddable":true,"href":"https:\/\/prizrenpost.com\/al\/wp-json\/wp\/v2\/categories?post=14310"},{"taxonomy":"post_tag","embeddable":true,"href":"https:\/\/prizrenpost.com\/al\/wp-json\/wp\/v2\/tags?post=14310"}],"curies":[{"name":"wp","href":"https:\/\/api.w.org\/{rel}","templated":true}]}}