{"id":14648,"date":"2015-07-24T13:50:37","date_gmt":"2015-07-24T11:50:37","guid":{"rendered":"http:\/\/prizrenpost.com\/al\/?p=14648"},"modified":"2018-12-18T13:34:04","modified_gmt":"2018-12-18T12:34:04","slug":"policia-arreston-ata-qe-postojne-fotografi-me-arme-ne-facebook","status":"publish","type":"post","link":"https:\/\/prizrenpost.com\/al\/policia-arreston-ata-qe-postojne-fotografi-me-arme-ne-facebook\/","title":{"rendered":"Policia arreston ata q\u00eb postojn\u00eb fotografi me arm\u00eb n\u00eb facebook"},"content":{"rendered":"<p><img decoding=\"async\" src=\"https:\/\/prizrenpost.com\/al\/wp-content\/uploads\/2015\/07\/arme.jpg\" alt=\"\" width=\"100%\" height=\"\" class=\"alignleft size-full wp-image-50597\" srcset=\"https:\/\/prizrenpost.com\/al\/wp-content\/uploads\/2015\/07\/arme.jpg 640w, https:\/\/prizrenpost.com\/al\/wp-content\/uploads\/2015\/07\/arme-300x169.jpg 300w\" sizes=\"(max-width: 640px) 100vw, 640px\" \/><\/p>\n<p><strong>N\u00eb Pej\u00eb \u00ebsht\u00eb arrestuar nj\u00eb person i cili kishte postuar n\u00eb profilin e tij n\u00eb facebook fotografi duke mbajtur arm\u00eb n\u00eb dor\u00eb.<\/strong><\/p>\n<p>N\u00eb baz\u00eb t\u00eb urdh\u00ebres\u00ebs s\u00eb l\u00ebshuar nga gjykata, policia ka bastisur banes\u00ebn e tij mir\u00ebpo nuk ka gjetur asgj\u00eb t\u00eb dyshuar p\u00ebrpos nj\u00eb pistolete shkrep\u00ebs.<\/p>\n<p>Me vendim t\u00eb prokurorit i dyshuari \u00ebsht\u00eb d\u00ebrguar n\u00eb mbajtje.<\/p>\n<p>Nd\u00ebrsa, edhe nj\u00eb arrestim tjet\u00ebr \u00ebsht\u00eb kryer nga policia pasi nj\u00eb qytetar kishe postuar n\u00eb facebook nj\u00eb pushk\u00eb gjuetie t\u00eb kalibrit 12 mm, prodhim anglez.<\/p>\n<p>Policia pas kontrollit n\u00eb sht\u00ebpin\u00eb e tij e ka konfiskuar arm\u00ebn dhe i dyshuari me urdh\u00ebr t\u00eb prokurorit \u00ebsht\u00eb d\u00ebrguar n\u00eb mbajtje.<\/p>\n","protected":false},"excerpt":{"rendered":"<p>N\u00eb Pej\u00eb \u00ebsht\u00eb arrestuar nj\u00eb person i cili kishte postuar n\u00eb profilin e tij n\u00eb facebook fotografi duke mbajtur arm\u00eb n\u00eb dor\u00eb. N\u00eb baz\u00eb t\u00eb urdh\u00ebres\u00ebs s\u00eb l\u00ebshuar nga gjykata, policia ka bastisur banes\u00ebn e tij mir\u00ebpo nuk ka gjetur asgj\u00eb t\u00eb dyshuar p\u00ebrpos nj\u00eb pistolete shkrep\u00ebs. Me vendim t\u00eb prokurorit i dyshuari \u00ebsht\u00eb d\u00ebrguar [&hellip;]<\/p>\n","protected":false},"author":1,"featured_media":50597,"comment_status":"open","ping_status":"open","sticky":false,"template":"","format":"standard","meta":{"footnotes":""},"categories":[17],"tags":[3536,1833,1093,741],"class_list":["post-14648","post","type-post","status-publish","format-standard","has-post-thumbnail","hentry","category-kronike","tag-arme","tag-arrestim","tag-peje","tag-policia"],"_links":{"self":[{"href":"https:\/\/prizrenpost.com\/al\/wp-json\/wp\/v2\/posts\/14648","targetHints":{"allow":["GET"]}}],"collection":[{"href":"https:\/\/prizrenpost.com\/al\/wp-json\/wp\/v2\/posts"}],"about":[{"href":"https:\/\/prizrenpost.com\/al\/wp-json\/wp\/v2\/types\/post"}],"author":[{"embeddable":true,"href":"https:\/\/prizrenpost.com\/al\/wp-json\/wp\/v2\/users\/1"}],"replies":[{"embeddable":true,"href":"https:\/\/prizrenpost.com\/al\/wp-json\/wp\/v2\/comments?post=14648"}],"version-history":[{"count":0,"href":"https:\/\/prizrenpost.com\/al\/wp-json\/wp\/v2\/posts\/14648\/revisions"}],"wp:featuredmedia":[{"embeddable":true,"href":"https:\/\/prizrenpost.com\/al\/wp-json\/wp\/v2\/media\/50597"}],"wp:attachment":[{"href":"https:\/\/prizrenpost.com\/al\/wp-json\/wp\/v2\/media?parent=14648"}],"wp:term":[{"taxonomy":"category","embeddable":true,"href":"https:\/\/prizrenpost.com\/al\/wp-json\/wp\/v2\/categories?post=14648"},{"taxonomy":"post_tag","embeddable":true,"href":"https:\/\/prizrenpost.com\/al\/wp-json\/wp\/v2\/tags?post=14648"}],"curies":[{"name":"wp","href":"https:\/\/api.w.org\/{rel}","templated":true}]}}