{"id":14798,"date":"2015-07-26T23:54:11","date_gmt":"2015-07-26T21:54:11","guid":{"rendered":"http:\/\/prizrenpost.com\/al\/?p=14798"},"modified":"2018-12-12T22:59:28","modified_gmt":"2018-12-12T21:59:28","slug":"nato-te-marten-takim-per-isis-in","status":"publish","type":"post","link":"https:\/\/prizrenpost.com\/al\/nato-te-marten-takim-per-isis-in\/","title":{"rendered":"NATO, t\u00eb mart\u00ebn takim p\u00ebr ISIS-in"},"content":{"rendered":"<p><img decoding=\"async\" src=\"https:\/\/prizrenpost.com\/al\/wp-content\/uploads\/2015\/07\/nato.jpg\" alt=\"\" width=\"100%\" height=\"\" class=\"alignleft size-full wp-image-50175\" srcset=\"https:\/\/prizrenpost.com\/al\/wp-content\/uploads\/2015\/07\/nato.jpg 700w, https:\/\/prizrenpost.com\/al\/wp-content\/uploads\/2015\/07\/nato-300x152.jpg 300w\" sizes=\"(max-width: 700px) 100vw, 700px\" \/><\/p>\n<p><strong>T\u200burqia ka thirrur nj\u00eb takim t\u00eb posa\u00e7\u00ebm t\u00eb ambasador\u00ebve t\u00eb NATO-s p\u00ebr t\u00eb diskutuar n\u00eb lidhje me operacionet ushtarake kund\u00ebr militant\u00ebve t\u00eb ISIS dhe separatist\u00ebve kurd\u00eb t\u00eb PKK.<\/strong><\/p>\n<p>M\u00ebsohet se takimi do t\u00eb mbahet dit\u00ebn e mart\u00eb n\u00eb Bruksel. Nd\u00ebrsa Sekretari i P\u00ebrgjithsh\u00ebm i NATO-s Jens Stoltenberg foli p\u00ebr BBC-n\u00eb ku tha se k\u00ebrkesa e Turqis\u00eb \u00ebsht\u00eb e bazuar n\u00eb nenin 4 t\u00eb Traktatit t\u00eb NATO-s, i cili i lejon an\u00ebtar\u00ebt t\u00eb k\u00ebrkojn\u00eb takime t\u00eb tilla n\u00eb rastet kur integriteti i tyre territorial ose siguria \u00ebsht\u00eb cenuar.<\/p>\n<p>\u201cNj\u00eb takim i till\u00eb i k\u00ebrkuar nga Turqia mendoj se \u00ebsht\u00eb i drejt\u00eb dhe n\u00eb koh\u00ebn e duhur p\u00ebr t\u00eb trajtuar trazirat dhe paq\u00ebndrueshm\u00ebrin\u00eb n\u00eb Siri, Irak dhe n\u00eb af\u00ebrsi t\u00eb kufijve t\u00eb vendeve an\u00ebtare t\u00eb NATO-s\u201d, tha Stoltenberg.<\/p>\n<p>Ai tha se kishte folur dy dit\u00eb m\u00eb par\u00eb me kryeministrin turk, Davutoglu, ku i kishte shprehur ngush\u00ebllimet p\u00ebr viktimat e fundit dhe i kishte dh\u00ebn\u00eb mb\u00ebshtetje Turqis\u00eb p\u00ebr t\u00eb kryer sulme ndaj Shtetit Islamik.<\/p>\n<p>N\u00eb an\u00ebn tjet\u00ebr, SHBA-ja i ka b\u00ebr\u00eb thirrje Turqis\u00eb dhe PKK-s\u00eb p\u00ebr t\u00eb shmangur dhun\u00ebn, por tha se Turqia ka t\u00eb drejt\u00ebn t\u00eb mbroj\u00eb veten kund\u00ebr sulmeve t\u00eb rebel\u00ebve kurd\u00eb.<\/p>\n<p>Pas ngjarjeve t\u00eb fundit, avion\u00eb turq kan\u00eb kryer p\u00ebr her\u00eb t\u00eb par\u00eb sulme ajrore ndaj bazave t\u00eb Shtetit Islamik n\u00eb Siri. Nd\u00ebrkoh\u00eb, policia turke ka bastisur mbi 100 banesa n\u00eb Stamboll, duke arrestuar 251 persona t\u00eb lidhur me grupin terrorist. <\/p>\n","protected":false},"excerpt":{"rendered":"<p>T\u200burqia ka thirrur nj\u00eb takim t\u00eb posa\u00e7\u00ebm t\u00eb ambasador\u00ebve t\u00eb NATO-s p\u00ebr t\u00eb diskutuar n\u00eb lidhje me operacionet ushtarake kund\u00ebr militant\u00ebve t\u00eb ISIS dhe separatist\u00ebve kurd\u00eb t\u00eb PKK. M\u00ebsohet se takimi do t\u00eb mbahet dit\u00ebn e mart\u00eb n\u00eb Bruksel. Nd\u00ebrsa Sekretari i P\u00ebrgjithsh\u00ebm i NATO-s Jens Stoltenberg foli p\u00ebr BBC-n\u00eb ku tha se k\u00ebrkesa e [&hellip;]<\/p>\n","protected":false},"author":1,"featured_media":50175,"comment_status":"open","ping_status":"open","sticky":false,"template":"","format":"standard","meta":{"footnotes":""},"categories":[1],"tags":[1081,1051,844],"class_list":["post-14798","post","type-post","status-publish","format-standard","has-post-thumbnail","hentry","category-lajme","tag-isis","tag-nato","tag-siria"],"_links":{"self":[{"href":"https:\/\/prizrenpost.com\/al\/wp-json\/wp\/v2\/posts\/14798","targetHints":{"allow":["GET"]}}],"collection":[{"href":"https:\/\/prizrenpost.com\/al\/wp-json\/wp\/v2\/posts"}],"about":[{"href":"https:\/\/prizrenpost.com\/al\/wp-json\/wp\/v2\/types\/post"}],"author":[{"embeddable":true,"href":"https:\/\/prizrenpost.com\/al\/wp-json\/wp\/v2\/users\/1"}],"replies":[{"embeddable":true,"href":"https:\/\/prizrenpost.com\/al\/wp-json\/wp\/v2\/comments?post=14798"}],"version-history":[{"count":0,"href":"https:\/\/prizrenpost.com\/al\/wp-json\/wp\/v2\/posts\/14798\/revisions"}],"wp:featuredmedia":[{"embeddable":true,"href":"https:\/\/prizrenpost.com\/al\/wp-json\/wp\/v2\/media\/50175"}],"wp:attachment":[{"href":"https:\/\/prizrenpost.com\/al\/wp-json\/wp\/v2\/media?parent=14798"}],"wp:term":[{"taxonomy":"category","embeddable":true,"href":"https:\/\/prizrenpost.com\/al\/wp-json\/wp\/v2\/categories?post=14798"},{"taxonomy":"post_tag","embeddable":true,"href":"https:\/\/prizrenpost.com\/al\/wp-json\/wp\/v2\/tags?post=14798"}],"curies":[{"name":"wp","href":"https:\/\/api.w.org\/{rel}","templated":true}]}}