{"id":15205,"date":"2015-08-03T12:12:44","date_gmt":"2015-08-03T10:12:44","guid":{"rendered":"http:\/\/prizrenpost.com\/al\/?p=15205"},"modified":"2019-02-02T22:09:57","modified_gmt":"2019-02-02T21:09:57","slug":"emrat-e-deputeteve-qe-votuan-kunder-mocionit-per-krimet-serb","status":"publish","type":"post","link":"https:\/\/prizrenpost.com\/al\/emrat-e-deputeteve-qe-votuan-kunder-mocionit-per-krimet-serb\/","title":{"rendered":"Emrat e deputet\u00ebve q\u00eb votuan kund\u00ebr mocionit p\u00ebr krimet serb"},"content":{"rendered":"<p><img decoding=\"async\" src=\"https:\/\/prizrenpost.com\/al\/wp-content\/uploads\/2015\/08\/kuvendi-2.jpg\" alt=\"\" width=\"100%\" height=\"\" class=\"alignleft size-full wp-image-52248\" srcset=\"https:\/\/prizrenpost.com\/al\/wp-content\/uploads\/2015\/08\/kuvendi-2.jpg 620w, https:\/\/prizrenpost.com\/al\/wp-content\/uploads\/2015\/08\/kuvendi-2-300x203.jpg 300w\" sizes=\"(max-width: 620px) 100vw, 620px\" \/><\/p>\n<p><strong>Shumica prej deputet\u00ebve t\u00eb pozit\u00ebs, ata t\u00eb LDK-s\u00eb dhe PDK-s\u00eb votuan m\u00eb her\u00ebt kund\u00ebr futjes si pik\u00eb e par\u00eb e rendit t\u00eb dit\u00ebs mocionin q\u00eb u sjell\u00eb n\u00eb Kuvend t\u00eb Kosov\u00ebs p\u00ebr krimet e serb\u00ebve n\u00eb Kosov\u00eb.<\/strong><\/p>\n<p>M\u00eb posht\u00eb n\u00eb list\u00ebn e t\u00eb votuarve po ua sjellim deputet\u00ebt t\u00eb cil\u00ebt votuan kund\u00ebr k\u00ebtij mocioni t\u00eb opozit\u00ebs.<\/p>\n<p>Deputet\u00ebt e PDK-s\u00eb:<\/p>\n<p>Enver Hoxhaj<\/p>\n<p>Elmi Re\u00e7ica<\/p>\n<p>Fadil Beka<\/p>\n<p>Labinote Demi &#8211; Murtezi<\/p>\n<p>Ramiz Kelmendi<\/p>\n<p>Latif Gashi<\/p>\n<p>Adem Grabovci<\/p>\n<p>Azem Syla<\/p>\n<p>Agim \u00c7eku<\/p>\n<p>Naim Fetahu<\/p>\n<p>Nezir \u00c7o\u00e7aj<\/p>\n<p>Blerta Deliu &#8211; Kodra<\/p>\n<p>Luljeta Veselaj<\/p>\n<p>Deputet\u00ebt e LDK &#8211; s\u00eb:<\/p>\n<p>Teuta Rugova<\/p>\n<p>Anton \u00c7uni<\/p>\n<p>Ismet Beqiri<\/p>\n<p>Nuredin Ibishi<\/p>\n<p>Arben Gashi<\/p>\n<p>Armend Zemaj<\/p>\n<p>Njomza Emini<\/p>\n<p>Naser Osmani<\/p>\n<p>Lirije Kajtazi<\/p>\n<p>Hatim Baxhaku<\/p>\n<p>Shpejtim Bulliqi<\/p>\n<p>Muhamet Mustafa<\/p>\n<p>Sadri Ferati<\/p>\n<p>Ali Sadriu<\/p>\n<p>Adem Salihaj<\/p>\n<p>Blerim Grainca<\/p>\n<p>Agim Ademaj<\/p>\n<p>Salih Morina<\/p>\n<p>Teuta Sahatqija<\/p>\n<p>Veton Berisha<\/p>\n<p>Etem Arifi<\/p>\n<p>Murat Hoxha<\/p>\n<p>Agim Kikaj<\/p>\n<p>Bardhyl Meta<\/p>\n<p>Milazim Haliti<\/p>\n<p>Synavere Rysha <\/p>\n","protected":false},"excerpt":{"rendered":"<p>Shumica prej deputet\u00ebve t\u00eb pozit\u00ebs, ata t\u00eb LDK-s\u00eb dhe PDK-s\u00eb votuan m\u00eb her\u00ebt kund\u00ebr futjes si pik\u00eb e par\u00eb e rendit t\u00eb dit\u00ebs mocionin q\u00eb u sjell\u00eb n\u00eb Kuvend t\u00eb Kosov\u00ebs p\u00ebr krimet e serb\u00ebve n\u00eb Kosov\u00eb. M\u00eb posht\u00eb n\u00eb list\u00ebn e t\u00eb votuarve po ua sjellim deputet\u00ebt t\u00eb cil\u00ebt votuan kund\u00ebr k\u00ebtij mocioni t\u00eb [&hellip;]<\/p>\n","protected":false},"author":1,"featured_media":52248,"comment_status":"open","ping_status":"open","sticky":false,"template":"","format":"standard","meta":{"footnotes":""},"categories":[1],"tags":[2331,863],"class_list":["post-15205","post","type-post","status-publish","format-standard","has-post-thumbnail","hentry","category-lajme","tag-deputetet","tag-kuvendi-i-kosoves"],"_links":{"self":[{"href":"https:\/\/prizrenpost.com\/al\/wp-json\/wp\/v2\/posts\/15205","targetHints":{"allow":["GET"]}}],"collection":[{"href":"https:\/\/prizrenpost.com\/al\/wp-json\/wp\/v2\/posts"}],"about":[{"href":"https:\/\/prizrenpost.com\/al\/wp-json\/wp\/v2\/types\/post"}],"author":[{"embeddable":true,"href":"https:\/\/prizrenpost.com\/al\/wp-json\/wp\/v2\/users\/1"}],"replies":[{"embeddable":true,"href":"https:\/\/prizrenpost.com\/al\/wp-json\/wp\/v2\/comments?post=15205"}],"version-history":[{"count":0,"href":"https:\/\/prizrenpost.com\/al\/wp-json\/wp\/v2\/posts\/15205\/revisions"}],"wp:featuredmedia":[{"embeddable":true,"href":"https:\/\/prizrenpost.com\/al\/wp-json\/wp\/v2\/media\/52248"}],"wp:attachment":[{"href":"https:\/\/prizrenpost.com\/al\/wp-json\/wp\/v2\/media?parent=15205"}],"wp:term":[{"taxonomy":"category","embeddable":true,"href":"https:\/\/prizrenpost.com\/al\/wp-json\/wp\/v2\/categories?post=15205"},{"taxonomy":"post_tag","embeddable":true,"href":"https:\/\/prizrenpost.com\/al\/wp-json\/wp\/v2\/tags?post=15205"}],"curies":[{"name":"wp","href":"https:\/\/api.w.org\/{rel}","templated":true}]}}