{"id":15248,"date":"2015-08-04T09:51:21","date_gmt":"2015-08-04T07:51:21","guid":{"rendered":"http:\/\/prizrenpost.com\/al\/?p=15248"},"modified":"2019-01-11T11:51:27","modified_gmt":"2019-01-11T10:51:27","slug":"permbytje-ne-tetove-5-te-vdekur-mes-tyre-femije-deme-te-medha","status":"publish","type":"post","link":"https:\/\/prizrenpost.com\/al\/permbytje-ne-tetove-5-te-vdekur-mes-tyre-femije-deme-te-medha\/","title":{"rendered":"P\u00ebrmbytje n\u00eb Tetov\u00eb, 5 t\u00eb vdekur, mes tyre f\u00ebmij\u00eb, d\u00ebme t\u00eb m\u00ebdha (Foto)"},"content":{"rendered":"<p><img decoding=\"async\" src=\"https:\/\/prizrenpost.com\/al\/wp-content\/uploads\/2015\/08\/permbytje.jpg\" alt=\"\" width=\"100%\" height=\"\" class=\"alignleft size-full wp-image-51519\" srcset=\"https:\/\/prizrenpost.com\/al\/wp-content\/uploads\/2015\/08\/permbytje.jpg 620w, https:\/\/prizrenpost.com\/al\/wp-content\/uploads\/2015\/08\/permbytje-300x168.jpg 300w\" sizes=\"(max-width: 620px) 100vw, 620px\" \/><\/p>\n<p><strong>Pes\u00eb persona e kan\u00eb humbur jet\u00ebn dhe disa t\u00eb tjer\u00eb jan\u00eb l\u00ebduar nga v\u00ebrshimet dhe stuhia e fuqishme q\u00eb kan\u00eb goditur mbr\u00ebm\u00eb rajonin e Tetov\u00ebs n\u00eb Maqedoni.<\/strong><\/p>\n<p>Kat\u00ebr nga viktima jan\u00eb f\u00ebmij\u00eb t\u00eb fshatit Shipkovic\u00eb dhe nj\u00eb i moshur nga Re\u00e7ica e Madhe.<\/p>\n<p>Moti i keq ka shkaktuar d\u00ebme t\u00eb m\u00ebdha materiale. Reshjet e shiut kan\u00eb qen\u00eb aq t\u00eb fuqishme sa q\u00eb kan\u00eb mjaftuar 15 minuta q\u00eb lumi Pena t\u00eb dal\u00eb nga shtrati dhe t\u00eb v\u00ebrshoj t\u00ebr\u00eb qytetin.<\/p>\n<p>Gjendja m\u00eb e r\u00ebnd\u00eb paraqiteti n\u00eb zonat malore ku fshatra t\u00eb t\u00ebr\u00eb mbeten t\u00eb izoluar p\u00ebr shkak t\u00eb bllokimit t\u00eb rrug\u00ebve nga drunj\u00ebt dhe gur\u00ebt.<\/p>\n<p>Kryetarja e Komun\u00ebs s\u00eb Tetov\u00ebs, Teuta Arifi, ka formuar shtabin e kriz\u00ebs p\u00ebr t\u00eb koordinuar aktivitetet n\u00eb ndihm\u00eb t\u00eb popullat\u00ebs s\u00eb goditur nga v\u00ebrshimet, nd\u00ebrsa n\u00eb dejtim t\u00eb zonave t\u00eb goditura kan\u00eb shkuar edhe ekipe t\u00eb zjarr\u00ebfik\u00ebsve nga Shkupi, por edhe ekipe t\u00eb tjera p\u00ebr rastet e krizave.<\/p>\n<p>Qeveria e maqedonis\u00eb sot do t\u00eb mbaj\u00eb nj\u00eb mbledhje t\u00eb jasht\u00ebzakonshm\u00ebe p\u00ebr t\u00eb shqyrtuar gjendjen n\u00eb zonat e p\u00ebrmbytura nd\u00ebrsa pritet t\u00eb dal\u00eb edhe me masa n\u00eb ndihm\u00eb t\u00eb popullat\u00ebs s\u00eb rrezikuar. <\/p>\n<p><img decoding=\"async\" src=\"http:\/\/prizrenpost.com\/al\/wp-content\/uploads\/2015\/08\/tetov1.jpg\" alt=\"tetov1\" width=\"100%\" height=\"\" class=\"alignnone size-full wp-image-15252\" \/><\/p>\n<p><img decoding=\"async\" src=\"http:\/\/prizrenpost.com\/al\/wp-content\/uploads\/2015\/08\/tetov2.jpg\" alt=\"tetov2\" width=\"100%\" height=\"\" class=\"alignnone size-full wp-image-15253\" \/><\/p>\n<p><img decoding=\"async\" src=\"http:\/\/prizrenpost.com\/al\/wp-content\/uploads\/2015\/08\/tetov3.jpg\" alt=\"tetov3\" width=\"100%\" height=\"\" class=\"alignnone size-full wp-image-15254\" \/><\/p>\n<p><img decoding=\"async\" src=\"http:\/\/prizrenpost.com\/al\/wp-content\/uploads\/2015\/08\/tetov4.jpg\" alt=\"tetov4\" width=\"100%\" height=\"\" class=\"alignnone size-full wp-image-15255\" \/><\/p>\n<p><img decoding=\"async\" src=\"http:\/\/prizrenpost.com\/al\/wp-content\/uploads\/2015\/08\/tetov5.jpg\" alt=\"tetov5\" width=\"100%\" height=\"\" class=\"alignnone size-full wp-image-15256\" \/><\/p>\n<p><img decoding=\"async\" src=\"http:\/\/prizrenpost.com\/al\/wp-content\/uploads\/2015\/08\/tetov6.jpg\" alt=\"tetov6\" width=\"100%\" height=\"\" class=\"alignnone size-full wp-image-15257\" \/><\/p>\n<p><img decoding=\"async\" src=\"http:\/\/prizrenpost.com\/al\/wp-content\/uploads\/2015\/08\/tetov7.jpg\" alt=\"tetov7\" width=\"100%\" height=\"\" class=\"alignnone size-full wp-image-15258\" \/><\/p>\n","protected":false},"excerpt":{"rendered":"<p>Pes\u00eb persona e kan\u00eb humbur jet\u00ebn dhe disa t\u00eb tjer\u00eb jan\u00eb l\u00ebduar nga v\u00ebrshimet dhe stuhia e fuqishme q\u00eb kan\u00eb goditur mbr\u00ebm\u00eb rajonin e Tetov\u00ebs n\u00eb Maqedoni. Kat\u00ebr nga viktima jan\u00eb f\u00ebmij\u00eb t\u00eb fshatit Shipkovic\u00eb dhe nj\u00eb i moshur nga Re\u00e7ica e Madhe. Moti i keq ka shkaktuar d\u00ebme t\u00eb m\u00ebdha materiale. Reshjet e shiut [&hellip;]<\/p>\n","protected":false},"author":1,"featured_media":51519,"comment_status":"open","ping_status":"open","sticky":false,"template":"","format":"standard","meta":{"footnotes":""},"categories":[1],"tags":[1002,1233,2486],"class_list":["post-15248","post","type-post","status-publish","format-standard","has-post-thumbnail","hentry","category-lajme","tag-maqedoni","tag-permbytje","tag-tetove"],"_links":{"self":[{"href":"https:\/\/prizrenpost.com\/al\/wp-json\/wp\/v2\/posts\/15248","targetHints":{"allow":["GET"]}}],"collection":[{"href":"https:\/\/prizrenpost.com\/al\/wp-json\/wp\/v2\/posts"}],"about":[{"href":"https:\/\/prizrenpost.com\/al\/wp-json\/wp\/v2\/types\/post"}],"author":[{"embeddable":true,"href":"https:\/\/prizrenpost.com\/al\/wp-json\/wp\/v2\/users\/1"}],"replies":[{"embeddable":true,"href":"https:\/\/prizrenpost.com\/al\/wp-json\/wp\/v2\/comments?post=15248"}],"version-history":[{"count":0,"href":"https:\/\/prizrenpost.com\/al\/wp-json\/wp\/v2\/posts\/15248\/revisions"}],"wp:featuredmedia":[{"embeddable":true,"href":"https:\/\/prizrenpost.com\/al\/wp-json\/wp\/v2\/media\/51519"}],"wp:attachment":[{"href":"https:\/\/prizrenpost.com\/al\/wp-json\/wp\/v2\/media?parent=15248"}],"wp:term":[{"taxonomy":"category","embeddable":true,"href":"https:\/\/prizrenpost.com\/al\/wp-json\/wp\/v2\/categories?post=15248"},{"taxonomy":"post_tag","embeddable":true,"href":"https:\/\/prizrenpost.com\/al\/wp-json\/wp\/v2\/tags?post=15248"}],"curies":[{"name":"wp","href":"https:\/\/api.w.org\/{rel}","templated":true}]}}