{"id":15565,"date":"2015-08-09T13:57:46","date_gmt":"2015-08-09T11:57:46","guid":{"rendered":"http:\/\/prizrenpost.com\/al\/?p=15565"},"modified":"2017-10-19T10:03:44","modified_gmt":"2017-10-19T08:03:44","slug":"xherdan-shaqiri-mbetet-kryefjala-e-kesaj-vere-te-interi","status":"publish","type":"post","link":"https:\/\/prizrenpost.com\/al\/xherdan-shaqiri-mbetet-kryefjala-e-kesaj-vere-te-interi\/","title":{"rendered":"Xherdan Shaqiri mbetet kryefjala e k\u00ebsaj vere te Interi"},"content":{"rendered":"<p><img decoding=\"async\" src=\"https:\/\/prizrenpost.com\/al\/wp-content\/uploads\/2015\/08\/xherdani.jpg\" alt=\"\" width=\"100%\" height=\"\" class=\"alignleft size-full wp-image-38848\" srcset=\"https:\/\/prizrenpost.com\/al\/wp-content\/uploads\/2015\/08\/xherdani.jpg 620w, https:\/\/prizrenpost.com\/al\/wp-content\/uploads\/2015\/08\/xherdani-300x208.jpg 300w, https:\/\/prizrenpost.com\/al\/wp-content\/uploads\/2015\/08\/xherdani-80x55.jpg 80w\" sizes=\"(max-width: 620px) 100vw, 620px\" \/><\/p>\n<p>Ish sulmuesi i Bayernit t\u00eb Munihut q\u00eb u transferua n\u00eb Milano gjat\u00eb afatit t\u00eb dimrit por merr pjes\u00eb rregullisht n\u00eb st\u00ebrvitje edhe pse nuk ka luajtur p\u00ebr asnj\u00eb minut\u00eb n\u00eb ndeshjet miq\u00ebsore t\u00eb skuadr\u00ebs zikalt\u00ebr. Gjithsesi, \u201cGazzetta Dello Sport\u201d shkruan se p\u00ebr t\u00eb ka nj\u00eb mund\u00ebsi minimale q\u00eb t\u00eb pranohet nga trajneri Mancini, i cili mund ta aktivizoj\u00eb n\u00eb dy ndeshjet e radh\u00ebs kund\u00ebr Parm\u00ebs dhe Athletic Bilbaos.<\/p>\n<p>Aktualisht, Schalke, Borussia Dortmund dhe Everton nuk kan\u00eb b\u00ebr\u00eb hapa konkret\u00eb p\u00ebr t\u00eb tentuar blerjen e 23-vje\u00e7arit, nd\u00ebrsa pista Perisic p\u00ebr Interin largohet dhe n\u00eb k\u00ebt\u00eb m\u00ebnyr\u00eb, nuk \u00ebsht\u00eb aspak \u00e7udi n\u00ebse klubi vendos t\u00eb ndryshoj\u00eb strategji p\u00ebr t\u2019i dh\u00ebn\u00eb nj\u00eb tjet\u00ebr mund\u00ebsi sulmuesit me origjin\u00eb shqiptare. Nj\u00eb tjet\u00ebr \u00e7\u00ebshtje e nxeht\u00eb n\u00eb kampin interist \u00ebsht\u00eb edhe ajo e s\u00eb ardhmes s\u00eb Nagatomos. Japonezi mbetet n\u00eb orbit\u00ebn e Galatasaray, por klubi turk nuk synon t\u00eb p\u00ebrfshij\u00eb n\u00eb k\u00ebt\u00eb operacion brazilianin Felipe Melo, i cili po k\u00ebrkohet me ngulm nga trajneri italian. <\/p>\n","protected":false},"excerpt":{"rendered":"<p>Ish sulmuesi i Bayernit t\u00eb Munihut q\u00eb u transferua n\u00eb Milano gjat\u00eb afatit t\u00eb dimrit por merr pjes\u00eb rregullisht n\u00eb st\u00ebrvitje edhe pse nuk ka luajtur p\u00ebr asnj\u00eb minut\u00eb n\u00eb ndeshjet miq\u00ebsore t\u00eb skuadr\u00ebs zikalt\u00ebr. Gjithsesi, \u201cGazzetta Dello Sport\u201d shkruan se p\u00ebr t\u00eb ka nj\u00eb mund\u00ebsi minimale q\u00eb t\u00eb pranohet nga trajneri Mancini, i cili [&hellip;]<\/p>\n","protected":false},"author":1,"featured_media":38848,"comment_status":"open","ping_status":"open","sticky":false,"template":"","format":"standard","meta":{"footnotes":""},"categories":[7],"tags":[1188],"class_list":["post-15565","post","type-post","status-publish","format-standard","has-post-thumbnail","hentry","category-sport","tag-xherdan-shaqiri"],"_links":{"self":[{"href":"https:\/\/prizrenpost.com\/al\/wp-json\/wp\/v2\/posts\/15565","targetHints":{"allow":["GET"]}}],"collection":[{"href":"https:\/\/prizrenpost.com\/al\/wp-json\/wp\/v2\/posts"}],"about":[{"href":"https:\/\/prizrenpost.com\/al\/wp-json\/wp\/v2\/types\/post"}],"author":[{"embeddable":true,"href":"https:\/\/prizrenpost.com\/al\/wp-json\/wp\/v2\/users\/1"}],"replies":[{"embeddable":true,"href":"https:\/\/prizrenpost.com\/al\/wp-json\/wp\/v2\/comments?post=15565"}],"version-history":[{"count":0,"href":"https:\/\/prizrenpost.com\/al\/wp-json\/wp\/v2\/posts\/15565\/revisions"}],"wp:featuredmedia":[{"embeddable":true,"href":"https:\/\/prizrenpost.com\/al\/wp-json\/wp\/v2\/media\/38848"}],"wp:attachment":[{"href":"https:\/\/prizrenpost.com\/al\/wp-json\/wp\/v2\/media?parent=15565"}],"wp:term":[{"taxonomy":"category","embeddable":true,"href":"https:\/\/prizrenpost.com\/al\/wp-json\/wp\/v2\/categories?post=15565"},{"taxonomy":"post_tag","embeddable":true,"href":"https:\/\/prizrenpost.com\/al\/wp-json\/wp\/v2\/tags?post=15565"}],"curies":[{"name":"wp","href":"https:\/\/api.w.org\/{rel}","templated":true}]}}