{"id":1626,"date":"2013-08-08T16:31:34","date_gmt":"2013-08-08T14:31:34","guid":{"rendered":"http:\/\/prizrenpost.com\/al\/?p=1626"},"modified":"2020-06-29T20:11:17","modified_gmt":"2020-06-29T18:11:17","slug":"prefiksi-telefonik-i-kosoves-383","status":"publish","type":"post","link":"https:\/\/prizrenpost.com\/al\/prefiksi-telefonik-i-kosoves-383\/","title":{"rendered":"Prefiksi telefonik i Kosov\u00ebs + 383"},"content":{"rendered":"<p><img decoding=\"async\" src=\"https:\/\/prizrenpost.com\/al\/wp-content\/uploads\/2013\/08\/telefoni.jpg\" alt=\"\" width=\"100%\" height=\"\" class=\"alignleft size-full wp-image-59160\" srcset=\"https:\/\/prizrenpost.com\/al\/wp-content\/uploads\/2013\/08\/telefoni.jpg 629w, https:\/\/prizrenpost.com\/al\/wp-content\/uploads\/2013\/08\/telefoni-300x175.jpg 300w\" sizes=\"(max-width: 629px) 100vw, 629px\" \/><\/p>\n<p><strong>Bruksel, 8 gusht &#8211; Serbia ka pranuar marr\u00ebveshjen me Kosov\u00ebs p\u00ebr \u00e7\u00ebshtjen e telekomunikacionit. Sot ishte dita e fundit kur Serbia duhej t\u2019i kthente p\u00ebrgjigje Bashkimit Evropian n\u00ebse do ta pranonte marr\u00ebveshjen apo jo.<\/strong> <\/p>\n<p>Pika m\u00eb e diskutueshme ka qen\u00eb Kodi telefonik nd\u00ebrkomb\u00ebtar i Kosov\u00ebs. Sipas burimeve t\u00eb Koha Visionit, Kosova do ta ket\u00eb kodin +383 dhe nuk do t\u00eb aplikoj\u00eb vet\u00eb, mir\u00ebpo n\u00ebp\u00ebrmes Austris\u00eb apo Suedis\u00eb. Z\u00ebvend\u00ebskryeministrja e Kosov\u00ebs, nj\u00ebher\u00ebsh udh\u00ebheq\u00ebse e delegacionit kosovar n\u00eb k\u00ebto bisedime, ka th\u00ebn\u00eb dje se draftmarr\u00ebveshja e fundit e propozuar nga BE-ja ishte e pranueshme p\u00ebr Kosov\u00ebn, por se Serbia ishte ajo q\u00eb pati mospajtime. <\/p>\n<p>Takimi i radh\u00ebs mes kryeministrave Tha\u00e7i e Da\u00e7iq varej kryesisht nga rezultatet e k\u00ebtyre negociatave p\u00ebr telekomunikacionin.<\/p>\n","protected":false},"excerpt":{"rendered":"<p>Bruksel, 8 gusht &#8211; Serbia ka pranuar marr\u00ebveshjen me Kosov\u00ebs p\u00ebr \u00e7\u00ebshtjen e telekomunikacionit. Sot ishte dita e fundit kur Serbia duhej t\u2019i kthente p\u00ebrgjigje Bashkimit Evropian n\u00ebse do ta pranonte marr\u00ebveshjen apo jo. Pika m\u00eb e diskutueshme ka qen\u00eb Kodi telefonik nd\u00ebrkomb\u00ebtar i Kosov\u00ebs. Sipas burimeve t\u00eb Koha Visionit, Kosova do ta ket\u00eb kodin [&hellip;]<\/p>\n","protected":false},"author":1,"featured_media":59160,"comment_status":"open","ping_status":"open","sticky":false,"template":"","format":"standard","meta":{"footnotes":""},"categories":[1],"tags":[287],"class_list":["post-1626","post","type-post","status-publish","format-standard","has-post-thumbnail","hentry","category-lajme","tag-kosova"],"_links":{"self":[{"href":"https:\/\/prizrenpost.com\/al\/wp-json\/wp\/v2\/posts\/1626","targetHints":{"allow":["GET"]}}],"collection":[{"href":"https:\/\/prizrenpost.com\/al\/wp-json\/wp\/v2\/posts"}],"about":[{"href":"https:\/\/prizrenpost.com\/al\/wp-json\/wp\/v2\/types\/post"}],"author":[{"embeddable":true,"href":"https:\/\/prizrenpost.com\/al\/wp-json\/wp\/v2\/users\/1"}],"replies":[{"embeddable":true,"href":"https:\/\/prizrenpost.com\/al\/wp-json\/wp\/v2\/comments?post=1626"}],"version-history":[{"count":2,"href":"https:\/\/prizrenpost.com\/al\/wp-json\/wp\/v2\/posts\/1626\/revisions"}],"predecessor-version":[{"id":59161,"href":"https:\/\/prizrenpost.com\/al\/wp-json\/wp\/v2\/posts\/1626\/revisions\/59161"}],"wp:featuredmedia":[{"embeddable":true,"href":"https:\/\/prizrenpost.com\/al\/wp-json\/wp\/v2\/media\/59160"}],"wp:attachment":[{"href":"https:\/\/prizrenpost.com\/al\/wp-json\/wp\/v2\/media?parent=1626"}],"wp:term":[{"taxonomy":"category","embeddable":true,"href":"https:\/\/prizrenpost.com\/al\/wp-json\/wp\/v2\/categories?post=1626"},{"taxonomy":"post_tag","embeddable":true,"href":"https:\/\/prizrenpost.com\/al\/wp-json\/wp\/v2\/tags?post=1626"}],"curies":[{"name":"wp","href":"https:\/\/api.w.org\/{rel}","templated":true}]}}