{"id":16393,"date":"2015-08-23T21:10:50","date_gmt":"2015-08-23T19:10:50","guid":{"rendered":"http:\/\/prizrenpost.com\/al\/?p=16393"},"modified":"2018-12-04T23:06:17","modified_gmt":"2018-12-04T22:06:17","slug":"shpetohen-me-shume-se-4-mije-emigrante-ne-bregdetin-e-libise","status":"publish","type":"post","link":"https:\/\/prizrenpost.com\/al\/shpetohen-me-shume-se-4-mije-emigrante-ne-bregdetin-e-libise\/","title":{"rendered":"Shp\u00ebtohen m\u00eb shum\u00eb se 4 mij\u00eb emigrant\u00eb n\u00eb bregdetin e Libis\u00eb"},"content":{"rendered":"<p><img decoding=\"async\" src=\"https:\/\/prizrenpost.com\/al\/wp-content\/uploads\/2015\/08\/emigrantet.jpg\" alt=\"\" width=\"100%\" height=\"\" class=\"alignleft size-full wp-image-48754\" srcset=\"https:\/\/prizrenpost.com\/al\/wp-content\/uploads\/2015\/08\/emigrantet.jpg 640w, https:\/\/prizrenpost.com\/al\/wp-content\/uploads\/2015\/08\/emigrantet-300x169.jpg 300w\" sizes=\"(max-width: 640px) 100vw, 640px\" \/><\/p>\n<p><strong>M\u00eb se 4 mij\u00eb imigrant\u00eb jan\u00eb shp\u00ebtuar gjat\u00eb 24 or\u00ebve t\u00eb kaluara n\u00eb bregdetin e Libis\u00eb, ka th\u00ebn\u00eb sot Roja bregdetare italiane n\u00ebp\u00ebrmjet nj\u00eb kumtese.<\/strong><\/p>\n<p>Emigrant\u00ebt ishin duke lundruar me barka gome dhe anije t\u00eb tejngarkuara, thuhet n\u00eb k\u00ebt\u00eb kumtes\u00eb.<\/p>\n<p>Nuk \u00ebsht\u00eb raportuar p\u00ebr viktima gjat\u00eb operacioneve t\u00eb shp\u00ebtimit, n\u00eb t\u00eb cilat jan\u00eb p\u00ebrfshir\u00eb anije t\u00eb ndryshme t\u00eb Italis\u00eb, Norvegjis\u00eb dhe Irland\u00ebs, transmeton Rel.<\/p>\n<p>Sipas Organizat\u00ebs Nd\u00ebrkomb\u00ebtare p\u00ebr Migrim, k\u00ebt\u00eb vit, m\u00eb se 2 mij\u00eb vet\u00eb kan\u00eb humbur jet\u00ebn n\u00eb p\u00ebrpjekje p\u00ebr t\u00eb arritur n\u00eb Evrop\u00eb, n\u00eb anije t\u00eb tejngarkuara.<\/p>\n<p>Grupet humanitare thon\u00eb se rritja e imigrant\u00ebve dhe e refugjat\u00ebve ka ndodhur p\u00ebr shkak t\u00eb konflikteve dhe represionit n\u00eb Afrik\u00eb dhe Lindjen e Mesme.<\/p>\n","protected":false},"excerpt":{"rendered":"<p>M\u00eb se 4 mij\u00eb imigrant\u00eb jan\u00eb shp\u00ebtuar gjat\u00eb 24 or\u00ebve t\u00eb kaluara n\u00eb bregdetin e Libis\u00eb, ka th\u00ebn\u00eb sot Roja bregdetare italiane n\u00ebp\u00ebrmjet nj\u00eb kumtese. Emigrant\u00ebt ishin duke lundruar me barka gome dhe anije t\u00eb tejngarkuara, thuhet n\u00eb k\u00ebt\u00eb kumtes\u00eb. Nuk \u00ebsht\u00eb raportuar p\u00ebr viktima gjat\u00eb operacioneve t\u00eb shp\u00ebtimit, n\u00eb t\u00eb cilat jan\u00eb p\u00ebrfshir\u00eb anije [&hellip;]<\/p>\n","protected":false},"author":1,"featured_media":48754,"comment_status":"open","ping_status":"open","sticky":false,"template":"","format":"standard","meta":{"footnotes":""},"categories":[1],"tags":[1950],"class_list":["post-16393","post","type-post","status-publish","format-standard","has-post-thumbnail","hentry","category-lajme","tag-emigrantet"],"_links":{"self":[{"href":"https:\/\/prizrenpost.com\/al\/wp-json\/wp\/v2\/posts\/16393","targetHints":{"allow":["GET"]}}],"collection":[{"href":"https:\/\/prizrenpost.com\/al\/wp-json\/wp\/v2\/posts"}],"about":[{"href":"https:\/\/prizrenpost.com\/al\/wp-json\/wp\/v2\/types\/post"}],"author":[{"embeddable":true,"href":"https:\/\/prizrenpost.com\/al\/wp-json\/wp\/v2\/users\/1"}],"replies":[{"embeddable":true,"href":"https:\/\/prizrenpost.com\/al\/wp-json\/wp\/v2\/comments?post=16393"}],"version-history":[{"count":0,"href":"https:\/\/prizrenpost.com\/al\/wp-json\/wp\/v2\/posts\/16393\/revisions"}],"wp:featuredmedia":[{"embeddable":true,"href":"https:\/\/prizrenpost.com\/al\/wp-json\/wp\/v2\/media\/48754"}],"wp:attachment":[{"href":"https:\/\/prizrenpost.com\/al\/wp-json\/wp\/v2\/media?parent=16393"}],"wp:term":[{"taxonomy":"category","embeddable":true,"href":"https:\/\/prizrenpost.com\/al\/wp-json\/wp\/v2\/categories?post=16393"},{"taxonomy":"post_tag","embeddable":true,"href":"https:\/\/prizrenpost.com\/al\/wp-json\/wp\/v2\/tags?post=16393"}],"curies":[{"name":"wp","href":"https:\/\/api.w.org\/{rel}","templated":true}]}}