{"id":1658,"date":"2013-08-12T15:16:32","date_gmt":"2013-08-12T13:16:32","guid":{"rendered":"http:\/\/prizrenpost.com\/al\/?p=1658"},"modified":"2020-06-29T19:42:20","modified_gmt":"2020-06-29T17:42:20","slug":"ldk-ska-kandidat-per-prishtinen","status":"publish","type":"post","link":"https:\/\/prizrenpost.com\/al\/ldk-ska-kandidat-per-prishtinen\/","title":{"rendered":"LDK s&#8217;ka kandidat p\u00ebr Prishtin\u00ebn"},"content":{"rendered":"<p><img decoding=\"async\" src=\"https:\/\/prizrenpost.com\/al\/wp-content\/uploads\/2013\/08\/ldk.jpg\" alt=\"\" width=\"100%\" height=\"\" class=\"alignleft size-full wp-image-59140\" srcset=\"https:\/\/prizrenpost.com\/al\/wp-content\/uploads\/2013\/08\/ldk.jpg 633w, https:\/\/prizrenpost.com\/al\/wp-content\/uploads\/2013\/08\/ldk-300x164.jpg 300w\" sizes=\"(max-width: 633px) 100vw, 633px\" \/><\/p>\n<p><strong>Lidhja Demokratike e Kosov\u00ebs (LDK), ende nuk e caktuar kandidatin p\u00ebr t\u00eb garuar p\u00ebr t\u00eb parin e Prishtin\u00ebs.<\/strong><\/p>\n<p>Drejtuesit e k\u00ebtij subjekti politik e konsiderojn\u00eb se ende ka koh\u00eb p\u00ebr t\u00eb nominuar kandidatin. Kreu i k\u00ebsaj partie, nj\u00ebher\u00eb edhe kryetar i Komun\u00ebs s\u00eb Prishtin\u00ebs, Isa Mustafa, ndon\u00ebse jep premtime q\u00eb do t\u00eb realizohen shum\u00eb projekte n\u00eb k\u00ebt\u00eb komun\u00eb, nuk sqaron n\u00ebse do t\u00eb jet\u00eb ai q\u00eb do t\u00eb realizon ato projekte apo ndonj\u00eb bashk\u00ebpartiak i tij, transmeton KP.<\/p>\n<p>Me rastin e organizimit t\u00eb disa aktiviteteve p\u00ebr Dit\u00ebn Bot\u00ebrore t\u00eb Rinis\u00eb, lideri i LDK-s\u00eb, Isa Mustafa, i pyetur nga mediat rreth emrit t\u00eb kandidatit q\u00eb do futet n\u00eb gat\u00eb p\u00ebr t\u00eb udh\u00ebhequr me Prishtin\u00ebn, ka th\u00ebn\u00eb se n\u00eb fillim t\u00eb shtatorit do t\u00eb dihet emri.<\/p>\n<p>\u201cJo do t\u00eb caktojm\u00eb n\u00eb afat. Do t\u00eb thot\u00eb ne kemi koh\u00eb deri n\u00eb fillim t\u00eb shtatorit q\u00eb t\u00eb b\u00ebjm\u00eb certifikimin e kandidat\u00ebve. Jemi n\u00eb procedura t\u00eb rregullta dhe at\u00eb do t\u00eb b\u00ebjm\u00eb\u201d, ka theksuar Mustafa.<\/p>\n<p>P\u00ebr t\u00eb par\u00eb aktivitetet t\u00eb cilat jan\u00eb organizuar me rastin e k\u00ebsaj dite, n\u00eb shumic\u00ebn e atyre aktiviteteve edhe vet Mustafa ishte pjes\u00ebmarr\u00ebs. \/Telegrafi\/<\/p>\n","protected":false},"excerpt":{"rendered":"<p>Lidhja Demokratike e Kosov\u00ebs (LDK), ende nuk e caktuar kandidatin p\u00ebr t\u00eb garuar p\u00ebr t\u00eb parin e Prishtin\u00ebs. Drejtuesit e k\u00ebtij subjekti politik e konsiderojn\u00eb se ende ka koh\u00eb p\u00ebr t\u00eb nominuar kandidatin. Kreu i k\u00ebsaj partie, nj\u00ebher\u00eb edhe kryetar i Komun\u00ebs s\u00eb Prishtin\u00ebs, Isa Mustafa, ndon\u00ebse jep premtime q\u00eb do t\u00eb realizohen shum\u00eb projekte [&hellip;]<\/p>\n","protected":false},"author":1,"featured_media":59140,"comment_status":"open","ping_status":"open","sticky":false,"template":"","format":"standard","meta":{"footnotes":""},"categories":[1],"tags":[48,1418,1113,1143],"class_list":["post-1658","post","type-post","status-publish","format-standard","has-post-thumbnail","hentry","category-lajme","tag-kosove","tag-ldk","tag-prishtine","tag-zgjedhjet"],"_links":{"self":[{"href":"https:\/\/prizrenpost.com\/al\/wp-json\/wp\/v2\/posts\/1658","targetHints":{"allow":["GET"]}}],"collection":[{"href":"https:\/\/prizrenpost.com\/al\/wp-json\/wp\/v2\/posts"}],"about":[{"href":"https:\/\/prizrenpost.com\/al\/wp-json\/wp\/v2\/types\/post"}],"author":[{"embeddable":true,"href":"https:\/\/prizrenpost.com\/al\/wp-json\/wp\/v2\/users\/1"}],"replies":[{"embeddable":true,"href":"https:\/\/prizrenpost.com\/al\/wp-json\/wp\/v2\/comments?post=1658"}],"version-history":[{"count":1,"href":"https:\/\/prizrenpost.com\/al\/wp-json\/wp\/v2\/posts\/1658\/revisions"}],"predecessor-version":[{"id":59141,"href":"https:\/\/prizrenpost.com\/al\/wp-json\/wp\/v2\/posts\/1658\/revisions\/59141"}],"wp:featuredmedia":[{"embeddable":true,"href":"https:\/\/prizrenpost.com\/al\/wp-json\/wp\/v2\/media\/59140"}],"wp:attachment":[{"href":"https:\/\/prizrenpost.com\/al\/wp-json\/wp\/v2\/media?parent=1658"}],"wp:term":[{"taxonomy":"category","embeddable":true,"href":"https:\/\/prizrenpost.com\/al\/wp-json\/wp\/v2\/categories?post=1658"},{"taxonomy":"post_tag","embeddable":true,"href":"https:\/\/prizrenpost.com\/al\/wp-json\/wp\/v2\/tags?post=1658"}],"curies":[{"name":"wp","href":"https:\/\/api.w.org\/{rel}","templated":true}]}}