{"id":16939,"date":"2015-09-04T16:52:28","date_gmt":"2015-09-04T14:52:28","guid":{"rendered":"http:\/\/prizrenpost.com\/al\/?p=16939"},"modified":"2018-12-13T10:47:47","modified_gmt":"2018-12-13T09:47:47","slug":"mediat-serbe-me-asociacionin-e-vulosem-humbjen-e-sovranitetit-mbi-kosoven","status":"publish","type":"post","link":"https:\/\/prizrenpost.com\/al\/mediat-serbe-me-asociacionin-e-vulosem-humbjen-e-sovranitetit-mbi-kosoven\/","title":{"rendered":"Mediat serbe: Me Asociacionin e vulos\u00ebm humbjen e sovranitetit mbi Kosov\u00ebn"},"content":{"rendered":"<p><img decoding=\"async\" src=\"https:\/\/prizrenpost.com\/al\/wp-content\/uploads\/2015\/09\/dialogu.jpg\" alt=\"\" width=\"100%\" height=\"\" class=\"alignleft size-full wp-image-50201\" srcset=\"https:\/\/prizrenpost.com\/al\/wp-content\/uploads\/2015\/09\/dialogu.jpg 640w, https:\/\/prizrenpost.com\/al\/wp-content\/uploads\/2015\/09\/dialogu-300x169.jpg 300w\" sizes=\"(max-width: 640px) 100vw, 640px\" \/><\/p>\n<p><strong>Beograd &#8211; Mediat n\u00eb Serbi po vazhdojn\u00eb t\u00eb pohojn\u00eb se marr\u00ebveshjet t\u00eb fundit n\u00eb Bruksel mes Kosov\u00ebs dhe Serbis\u00eb e kan\u00eb vulosur p\u00ebrfundimisht humbjen e sovranitetit t\u00eb Serbis\u00eb mbi Kosov\u00ebn.<br \/>\nDejan Miroviq ofron nj\u00eb analiz\u00eb t\u00eb detajuar p\u00ebr portalin \u201cMendimi i ri politik serb (NSPM)\u201d t\u00eb marr\u00ebveshjeve t\u00eb n\u00ebnshkruar mes Kosov\u00ebs dhe Serbis\u00eb.<\/strong><\/p>\n<p>Ai n\u00ebnvizon se ngjarjet pas n\u00ebnshkrimit t\u00eb Marr\u00ebveshjes s\u00eb Brukselit t\u00eb vitit 2013, t\u00eb pasuar nga marr\u00ebveshjet e 25 gushtit 2015, d\u00ebshmojn\u00eb qart\u00eb se Kosova \u00ebsht\u00eb shtet i pavarur.<\/p>\n<p>Shtet\u00ebsia e Kosov\u00ebs \u00ebsht\u00eb betonuar, pohon Miroviq, kur Serbia n\u00ebnshkroi q\u00eb Kosova t\u00eb ket\u00eb kodin e saj shtet\u00ebror telefonik, q\u00eb t\u00eb hapet ura mbi lumin Ib\u00ebr, dhe q\u00eb kryetari i Asociacioni t\u00eb komunave me shumic\u00eb serb\u00eb n\u00eb Kosov\u00eb t\u2019i jap\u00eb llogari Prishtin\u00ebs.<\/p>\n","protected":false},"excerpt":{"rendered":"<p>Beograd &#8211; Mediat n\u00eb Serbi po vazhdojn\u00eb t\u00eb pohojn\u00eb se marr\u00ebveshjet t\u00eb fundit n\u00eb Bruksel mes Kosov\u00ebs dhe Serbis\u00eb e kan\u00eb vulosur p\u00ebrfundimisht humbjen e sovranitetit t\u00eb Serbis\u00eb mbi Kosov\u00ebn. Dejan Miroviq ofron nj\u00eb analiz\u00eb t\u00eb detajuar p\u00ebr portalin \u201cMendimi i ri politik serb (NSPM)\u201d t\u00eb marr\u00ebveshjeve t\u00eb n\u00ebnshkruar mes Kosov\u00ebs dhe Serbis\u00eb. Ai n\u00ebnvizon [&hellip;]<\/p>\n","protected":false},"author":1,"featured_media":50201,"comment_status":"open","ping_status":"open","sticky":false,"template":"","format":"standard","meta":{"footnotes":""},"categories":[1],"tags":[287,3312,885],"class_list":["post-16939","post","type-post","status-publish","format-standard","has-post-thumbnail","hentry","category-lajme","tag-kosova","tag-mediat","tag-serbi"],"_links":{"self":[{"href":"https:\/\/prizrenpost.com\/al\/wp-json\/wp\/v2\/posts\/16939","targetHints":{"allow":["GET"]}}],"collection":[{"href":"https:\/\/prizrenpost.com\/al\/wp-json\/wp\/v2\/posts"}],"about":[{"href":"https:\/\/prizrenpost.com\/al\/wp-json\/wp\/v2\/types\/post"}],"author":[{"embeddable":true,"href":"https:\/\/prizrenpost.com\/al\/wp-json\/wp\/v2\/users\/1"}],"replies":[{"embeddable":true,"href":"https:\/\/prizrenpost.com\/al\/wp-json\/wp\/v2\/comments?post=16939"}],"version-history":[{"count":0,"href":"https:\/\/prizrenpost.com\/al\/wp-json\/wp\/v2\/posts\/16939\/revisions"}],"wp:featuredmedia":[{"embeddable":true,"href":"https:\/\/prizrenpost.com\/al\/wp-json\/wp\/v2\/media\/50201"}],"wp:attachment":[{"href":"https:\/\/prizrenpost.com\/al\/wp-json\/wp\/v2\/media?parent=16939"}],"wp:term":[{"taxonomy":"category","embeddable":true,"href":"https:\/\/prizrenpost.com\/al\/wp-json\/wp\/v2\/categories?post=16939"},{"taxonomy":"post_tag","embeddable":true,"href":"https:\/\/prizrenpost.com\/al\/wp-json\/wp\/v2\/tags?post=16939"}],"curies":[{"name":"wp","href":"https:\/\/api.w.org\/{rel}","templated":true}]}}