{"id":17208,"date":"2015-09-17T10:24:14","date_gmt":"2015-09-17T08:24:14","guid":{"rendered":"http:\/\/prizrenpost.com\/al\/?p=17208"},"modified":"2019-02-02T21:25:52","modified_gmt":"2019-02-02T20:25:52","slug":"hahn-ta-ndihmojme-ballkanin-perendimor","status":"publish","type":"post","link":"https:\/\/prizrenpost.com\/al\/hahn-ta-ndihmojme-ballkanin-perendimor\/","title":{"rendered":"Hahn: Ta ndihmojm\u00eb Ballkanin Per\u00ebndimor"},"content":{"rendered":"<p><img decoding=\"async\" src=\"https:\/\/prizrenpost.com\/al\/wp-content\/uploads\/2015\/09\/hahn-1.jpg\" alt=\"\" width=\"100%\" height=\"\" class=\"alignleft size-full wp-image-52200\" srcset=\"https:\/\/prizrenpost.com\/al\/wp-content\/uploads\/2015\/09\/hahn-1.jpg 1024w, https:\/\/prizrenpost.com\/al\/wp-content\/uploads\/2015\/09\/hahn-1-300x200.jpg 300w, https:\/\/prizrenpost.com\/al\/wp-content\/uploads\/2015\/09\/hahn-1-768x511.jpg 768w\" sizes=\"(max-width: 1024px) 100vw, 1024px\" \/><\/p>\n<p><strong>Komisari evropian p\u00ebr zgjerim Johannes Hahn ka deklaruar sot se nuk mund t\u00eb lejohet q\u00eb vendet e Ballkanit Per\u00ebndimor vet\u00eb t\u00eb luftojn\u00eb me val\u00ebn e refugjat\u00ebve, duke t\u00ebrhequr v\u00ebrejtjen p\u00ebr rrezikun nga shfaqja e \u201cperdeve t\u00eb padukshme t\u00eb hekurta\u201d n\u00eb Evrop\u00eb.<\/strong><\/p>\n<p>Ai ka theksuar se vendet e Ballkanit Per\u00ebndimor pa fajin e tyre jan\u00eb gjendur n\u00eb nj\u00eb situat\u00eb t\u00eb r\u00ebnd\u00eb p\u00ebr shkak t\u00eb numrit t\u00eb madh t\u00eb refugjat\u00ebve q\u00eb arrit\u00ebn n\u00eb territorin e tyre.<\/p>\n<p>\u201cTash kemi problem n\u00eb kufirin mes Serbis\u00eb dhe Hungaris\u00eb, kurse nes\u00ebr ndoshta do t\u00eb kemi kur p\u00ebrmes Kroacis\u00eb do t\u00eb nisen drejt Sllovenis\u00eb apo Austris\u00eb\u201d, ka th\u00ebn\u00eb euro-komisari.<\/p>\n<p>Hahn ka shtuar se kurrsesi s\u2019duhet lejuar q\u00eb refugjat\u00ebt t\u00eb gjenden t\u00eb ngujuar n\u00eb vendet e rajonit dhe k\u00ebrkoi q\u00eb menj\u00ebher\u00eb t\u2019u ndihmohet n\u00eb zgjidhjen e kriz\u00ebs.<\/p>\n<p>\u201cDua t\u00eb shoh stabilizim dhe p\u00ebrparim t\u00eb m\u00ebtejsh\u00ebm, e kurrsesi ngarkesa t\u00eb reja n\u00eb rajon\u201d, ka theksuar Hahn.<\/p>\n","protected":false},"excerpt":{"rendered":"<p>Komisari evropian p\u00ebr zgjerim Johannes Hahn ka deklaruar sot se nuk mund t\u00eb lejohet q\u00eb vendet e Ballkanit Per\u00ebndimor vet\u00eb t\u00eb luftojn\u00eb me val\u00ebn e refugjat\u00ebve, duke t\u00ebrhequr v\u00ebrejtjen p\u00ebr rrezikun nga shfaqja e \u201cperdeve t\u00eb padukshme t\u00eb hekurta\u201d n\u00eb Evrop\u00eb. Ai ka theksuar se vendet e Ballkanit Per\u00ebndimor pa fajin e tyre jan\u00eb gjendur [&hellip;]<\/p>\n","protected":false},"author":1,"featured_media":52200,"comment_status":"open","ping_status":"open","sticky":false,"template":"","format":"standard","meta":{"footnotes":""},"categories":[1],"tags":[895,3831],"class_list":["post-17208","post","type-post","status-publish","format-standard","has-post-thumbnail","hentry","category-lajme","tag-ballkani","tag-johannes-hahn"],"_links":{"self":[{"href":"https:\/\/prizrenpost.com\/al\/wp-json\/wp\/v2\/posts\/17208","targetHints":{"allow":["GET"]}}],"collection":[{"href":"https:\/\/prizrenpost.com\/al\/wp-json\/wp\/v2\/posts"}],"about":[{"href":"https:\/\/prizrenpost.com\/al\/wp-json\/wp\/v2\/types\/post"}],"author":[{"embeddable":true,"href":"https:\/\/prizrenpost.com\/al\/wp-json\/wp\/v2\/users\/1"}],"replies":[{"embeddable":true,"href":"https:\/\/prizrenpost.com\/al\/wp-json\/wp\/v2\/comments?post=17208"}],"version-history":[{"count":0,"href":"https:\/\/prizrenpost.com\/al\/wp-json\/wp\/v2\/posts\/17208\/revisions"}],"wp:featuredmedia":[{"embeddable":true,"href":"https:\/\/prizrenpost.com\/al\/wp-json\/wp\/v2\/media\/52200"}],"wp:attachment":[{"href":"https:\/\/prizrenpost.com\/al\/wp-json\/wp\/v2\/media?parent=17208"}],"wp:term":[{"taxonomy":"category","embeddable":true,"href":"https:\/\/prizrenpost.com\/al\/wp-json\/wp\/v2\/categories?post=17208"},{"taxonomy":"post_tag","embeddable":true,"href":"https:\/\/prizrenpost.com\/al\/wp-json\/wp\/v2\/tags?post=17208"}],"curies":[{"name":"wp","href":"https:\/\/api.w.org\/{rel}","templated":true}]}}