{"id":17217,"date":"2015-09-17T14:16:53","date_gmt":"2015-09-17T12:16:53","guid":{"rendered":"http:\/\/prizrenpost.com\/al\/?p=17217"},"modified":"2018-11-04T21:53:51","modified_gmt":"2018-11-04T20:53:51","slug":"kerry-ia-kujton-vuciqit-se-ka-ende-pune-me-kosoven","status":"publish","type":"post","link":"https:\/\/prizrenpost.com\/al\/kerry-ia-kujton-vuciqit-se-ka-ende-pune-me-kosoven\/","title":{"rendered":"Kerry ia kujton Vu\u00e7iqit se ka ende pun\u00eb me Kosov\u00ebn"},"content":{"rendered":"<p><img decoding=\"async\" src=\"https:\/\/prizrenpost.com\/al\/wp-content\/uploads\/2015\/09\/kerr-vucic.jpg\" alt=\"\" width=\"100%\" height=\"\" class=\"alignleft size-full wp-image-47648\" srcset=\"https:\/\/prizrenpost.com\/al\/wp-content\/uploads\/2015\/09\/kerr-vucic.jpg 860w, https:\/\/prizrenpost.com\/al\/wp-content\/uploads\/2015\/09\/kerr-vucic-300x205.jpg 300w, https:\/\/prizrenpost.com\/al\/wp-content\/uploads\/2015\/09\/kerr-vucic-768x524.jpg 768w\" sizes=\"(max-width: 860px) 100vw, 860px\" \/><\/p>\n<p><strong>Washington &#8211; Kryeministri i Serbis\u00eb, Aleksandar Vu\u00e7iq, \u00ebsht\u00eb pritur mbr\u00ebm\u00eb n\u00eb Washington nga Sekretari Amerikan i Shtetit John Kerry, pas takimit q\u00eb ka pasur me Z\u00ebvend\u00ebspresidentin Biden.<\/strong><\/p>\n<p>Kerry ka th\u00ebn\u00eb se ka pasur nj\u00eb takim t\u00eb mir\u00eb me Vu\u00e7iqin por ka theksuar se zyrtari serb e di q\u00eb ende duhet b\u00ebr\u00eb kur \u00ebsht\u00eb fjala p\u00ebr marr\u00ebveshjet me Kosov\u00ebn.<\/p>\n<p>Kerry, duke iu drejtuar gazetar\u00ebve, para takimit me Vu\u00e7iqin, ka th\u00ebn\u00eb fjal\u00eb t\u00eb mira p\u00ebr marr\u00ebveshjet n\u00eb Bruksel.<\/p>\n<p>\u201cEnde ka pun\u00eb p\u00ebr t\u2019u b\u00ebr\u00eb, si\u00e7 e di edhe kryeministri, por mendoj se ai dhe t\u00eb tjer\u00ebt jan\u00eb duke e \u00e7uar k\u00ebt\u00eb sfid\u00eb p\u00ebrpara dhe kjo \u00ebsht\u00eb shum\u00eb e r\u00ebnd\u00ebsishme\u201d, ka theksuar ai.<\/p>\n<p>Nd\u00ebrkoh\u00eb Vu\u00e7iq n\u00eb fjal\u00ebn e tij nuk e ka p\u00ebrmendur Kosov\u00ebn fare, p\u00ebrcjell voa.<\/p>\n","protected":false},"excerpt":{"rendered":"<p>Washington &#8211; Kryeministri i Serbis\u00eb, Aleksandar Vu\u00e7iq, \u00ebsht\u00eb pritur mbr\u00ebm\u00eb n\u00eb Washington nga Sekretari Amerikan i Shtetit John Kerry, pas takimit q\u00eb ka pasur me Z\u00ebvend\u00ebspresidentin Biden. Kerry ka th\u00ebn\u00eb se ka pasur nj\u00eb takim t\u00eb mir\u00eb me Vu\u00e7iqin por ka theksuar se zyrtari serb e di q\u00eb ende duhet b\u00ebr\u00eb kur \u00ebsht\u00eb fjala p\u00ebr [&hellip;]<\/p>\n","protected":false},"author":1,"featured_media":47648,"comment_status":"open","ping_status":"open","sticky":false,"template":"","format":"standard","meta":{"footnotes":""},"categories":[1],"tags":[1159,2361,980,287,799],"class_list":["post-17217","post","type-post","status-publish","format-standard","has-post-thumbnail","hentry","category-lajme","tag-aleksandar-vucic","tag-amerika","tag-john-kerry","tag-kosova","tag-serbia"],"_links":{"self":[{"href":"https:\/\/prizrenpost.com\/al\/wp-json\/wp\/v2\/posts\/17217","targetHints":{"allow":["GET"]}}],"collection":[{"href":"https:\/\/prizrenpost.com\/al\/wp-json\/wp\/v2\/posts"}],"about":[{"href":"https:\/\/prizrenpost.com\/al\/wp-json\/wp\/v2\/types\/post"}],"author":[{"embeddable":true,"href":"https:\/\/prizrenpost.com\/al\/wp-json\/wp\/v2\/users\/1"}],"replies":[{"embeddable":true,"href":"https:\/\/prizrenpost.com\/al\/wp-json\/wp\/v2\/comments?post=17217"}],"version-history":[{"count":0,"href":"https:\/\/prizrenpost.com\/al\/wp-json\/wp\/v2\/posts\/17217\/revisions"}],"wp:featuredmedia":[{"embeddable":true,"href":"https:\/\/prizrenpost.com\/al\/wp-json\/wp\/v2\/media\/47648"}],"wp:attachment":[{"href":"https:\/\/prizrenpost.com\/al\/wp-json\/wp\/v2\/media?parent=17217"}],"wp:term":[{"taxonomy":"category","embeddable":true,"href":"https:\/\/prizrenpost.com\/al\/wp-json\/wp\/v2\/categories?post=17217"},{"taxonomy":"post_tag","embeddable":true,"href":"https:\/\/prizrenpost.com\/al\/wp-json\/wp\/v2\/tags?post=17217"}],"curies":[{"name":"wp","href":"https:\/\/api.w.org\/{rel}","templated":true}]}}