{"id":17781,"date":"2015-10-21T09:30:09","date_gmt":"2015-10-21T07:30:09","guid":{"rendered":"http:\/\/prizrenpost.com\/al\/?p=17781"},"modified":"2018-06-20T23:14:59","modified_gmt":"2018-06-20T21:14:59","slug":"veseli-cmimin-ta-paguaje-politika-jo-qytetaret","status":"publish","type":"post","link":"https:\/\/prizrenpost.com\/al\/veseli-cmimin-ta-paguaje-politika-jo-qytetaret\/","title":{"rendered":"Veseli: \u00c7mimin ta paguaj\u00eb politika, jo qytetar\u00ebt"},"content":{"rendered":"<p><img loading=\"lazy\" decoding=\"async\" src=\"https:\/\/prizrenpost.com\/al\/wp-content\/uploads\/2015\/10\/kadri-veseli-1.png\" alt=\"\" width=\"300\" height=\"300\" class=\"alignleft size-full wp-image-41499\" srcset=\"https:\/\/prizrenpost.com\/al\/wp-content\/uploads\/2015\/10\/kadri-veseli-1.png 300w, https:\/\/prizrenpost.com\/al\/wp-content\/uploads\/2015\/10\/kadri-veseli-1-150x150.png 150w, https:\/\/prizrenpost.com\/al\/wp-content\/uploads\/2015\/10\/kadri-veseli-1-100x100.png 100w\" sizes=\"auto, (max-width: 300px) 100vw, 300px\" \/><\/p>\n<p><strong>Prishtin\u00eb &#8211; Kryetari i Kuvendit t\u00eb Kosov\u00ebs, Kadri Veseli ka th\u00ebn\u00eb se partit\u00eb opozitare me veprimet e tyre po shfaqin metoda t\u00eb vrazhda dhe antidemokratike.<\/strong><\/p>\n<p>Veseli n\u00eb nj\u00eb bised\u00eb p\u00ebr \u2018Epok\u00ebn e re\u2019 tha se Kuvendi nuk b\u00ebn t\u00eb bjer\u00eb n\u00ebn diktatin e dhun\u00ebs, por t\u2019i kthehet normalitetit t\u00eb pun\u00ebs, p\u00ebr t\u00eb cilin edhe \u00ebsht\u00eb votuar nga qytetar\u00ebt e vendit.<\/p>\n<p>Ai u ka b\u00ebr\u00eb thirrje z\u00ebrave t\u00eb arsyesh\u00ebm opozitar\u00eb, q\u00eb bashk\u00ebrisht ta kap\u00ebrcejn\u00eb k\u00ebt\u00eb situat\u00eb.<\/p>\n<p>Veseli ka th\u00ebn\u00eb se Kosova ka l\u00ebvizur p\u00ebrpara sa her\u00eb q\u00eb ka funksionuar trek\u00ebnd\u00ebshi i partneritetit \u2013Uashington-Prishtin\u00eb-Bruksel.<\/p>\n<p>\u201cKy trek\u00ebnd\u00ebsh i ka sjell\u00eb lirin\u00eb, pavar\u00ebsin\u00eb, shtetnd\u00ebrtimin, fuqizimin e subjektivitetit nd\u00ebrkomb\u00ebtar. I ka sjell\u00eb edhe marr\u00ebveshjet e fundit p\u00ebr normalizimin e raporteve t\u00eb Kosov\u00ebs me Serbin\u00eb\u201d, tha Veseli. <\/p>\n","protected":false},"excerpt":{"rendered":"<p>Prishtin\u00eb &#8211; Kryetari i Kuvendit t\u00eb Kosov\u00ebs, Kadri Veseli ka th\u00ebn\u00eb se partit\u00eb opozitare me veprimet e tyre po shfaqin metoda t\u00eb vrazhda dhe antidemokratike. Veseli n\u00eb nj\u00eb bised\u00eb p\u00ebr \u2018Epok\u00ebn e re\u2019 tha se Kuvendi nuk b\u00ebn t\u00eb bjer\u00eb n\u00ebn diktatin e dhun\u00ebs, por t\u2019i kthehet normalitetit t\u00eb pun\u00ebs, p\u00ebr t\u00eb cilin edhe \u00ebsht\u00eb [&hellip;]<\/p>\n","protected":false},"author":1,"featured_media":41499,"comment_status":"open","ping_status":"open","sticky":false,"template":"","format":"standard","meta":{"footnotes":""},"categories":[1],"tags":[706],"class_list":["post-17781","post","type-post","status-publish","format-standard","has-post-thumbnail","hentry","category-lajme","tag-kadri-veseli"],"_links":{"self":[{"href":"https:\/\/prizrenpost.com\/al\/wp-json\/wp\/v2\/posts\/17781","targetHints":{"allow":["GET"]}}],"collection":[{"href":"https:\/\/prizrenpost.com\/al\/wp-json\/wp\/v2\/posts"}],"about":[{"href":"https:\/\/prizrenpost.com\/al\/wp-json\/wp\/v2\/types\/post"}],"author":[{"embeddable":true,"href":"https:\/\/prizrenpost.com\/al\/wp-json\/wp\/v2\/users\/1"}],"replies":[{"embeddable":true,"href":"https:\/\/prizrenpost.com\/al\/wp-json\/wp\/v2\/comments?post=17781"}],"version-history":[{"count":0,"href":"https:\/\/prizrenpost.com\/al\/wp-json\/wp\/v2\/posts\/17781\/revisions"}],"wp:featuredmedia":[{"embeddable":true,"href":"https:\/\/prizrenpost.com\/al\/wp-json\/wp\/v2\/media\/41499"}],"wp:attachment":[{"href":"https:\/\/prizrenpost.com\/al\/wp-json\/wp\/v2\/media?parent=17781"}],"wp:term":[{"taxonomy":"category","embeddable":true,"href":"https:\/\/prizrenpost.com\/al\/wp-json\/wp\/v2\/categories?post=17781"},{"taxonomy":"post_tag","embeddable":true,"href":"https:\/\/prizrenpost.com\/al\/wp-json\/wp\/v2\/tags?post=17781"}],"curies":[{"name":"wp","href":"https:\/\/api.w.org\/{rel}","templated":true}]}}