{"id":17799,"date":"2015-10-22T00:02:38","date_gmt":"2015-10-21T22:02:38","guid":{"rendered":"http:\/\/prizrenpost.com\/al\/?p=17799"},"modified":"2018-10-20T12:24:44","modified_gmt":"2018-10-20T10:24:44","slug":"deklarate-per-opinion-nga-kryesia-e-bashkesise-islame-te-kosoves","status":"publish","type":"post","link":"https:\/\/prizrenpost.com\/al\/deklarate-per-opinion-nga-kryesia-e-bashkesise-islame-te-kosoves\/","title":{"rendered":"Deklarat\u00eb nga Kryesia e Bashk\u00ebsis\u00eb Islame t\u00eb Kosov\u00ebs"},"content":{"rendered":"<p><img loading=\"lazy\" decoding=\"async\" src=\"https:\/\/prizrenpost.com\/al\/wp-content\/uploads\/2015\/10\/BIK-png-1.png\" alt=\"\" width=\"352\" height=\"352\" class=\"alignleft size-full wp-image-47090\" srcset=\"https:\/\/prizrenpost.com\/al\/wp-content\/uploads\/2015\/10\/BIK-png-1.png 352w, https:\/\/prizrenpost.com\/al\/wp-content\/uploads\/2015\/10\/BIK-png-1-150x150.png 150w, https:\/\/prizrenpost.com\/al\/wp-content\/uploads\/2015\/10\/BIK-png-1-300x300.png 300w, https:\/\/prizrenpost.com\/al\/wp-content\/uploads\/2015\/10\/BIK-png-1-100x100.png 100w\" sizes=\"auto, (max-width: 352px) 100vw, 352px\" \/><\/p>\n<p><strong>Prishtin\u00eb &#8211; Kryesia e Bashk\u00ebsis\u00eb Islame t\u00eb Kosov\u00ebs me v\u00ebmendje ka p\u00ebrcjell procesin e negociatave n\u00eb Bruksel p\u00ebr heqjen e t\u00eb ashtuquajturit &#8220;Parku i Paqes&#8221;, lirimin  e Ur\u00ebs mbi lumin Ib\u00ebr dhe v\u00ebnien e saj n\u00eb funksion t\u00eb qarkullimit t\u00eb lir\u00eb e t\u00eb pa penguar t\u00eb qytetar\u00ebve t\u00eb Mitrovic\u00ebs.<\/strong><\/p>\n<p>Kryesia e BIK p\u00ebrsh\u00ebndet e p\u00ebrkrah fuqish\u00ebm arritjen e Marr\u00ebveshjes p\u00ebr heqjen e &#8220;Parkut t\u00eb Paqes&#8221; dhe revitalizimin e Ur\u00ebs s\u00eb Ibrit,  &#8211; kthimit t\u00eb saj n\u00eb funksion primar, mir\u00ebpo shprehim shqet\u00ebsimin ton\u00eb q\u00eb gjat\u00eb procesit t\u00eb bisedimeve dhe n\u00eb marr\u00ebveshjen e arritur, nuk \u00ebsht\u00eb parapar\u00eb edhe rind\u00ebrtimi i Xhamis\u00eb s\u00eb Ibrit  (&#8220;Haxhi K\u00ebrxha&#8221;), e  shkat\u00ebrruar gjat\u00eb luft\u00ebs m\u00eb 1999.<\/p>\n<p>K\u00ebrkojm\u00eb nga t\u00eb gjith\u00eb faktor\u00ebt relevant\u00eb, negociator\u00ebt tan\u00eb, nd\u00ebrmjet\u00ebsit nd\u00ebrkomb\u00ebtar\u00eb, p\u00ebrfaq\u00ebsuesit diplomatik, dy kryetar\u00ebt e Mitrovic\u00ebs q\u00eb n\u00eb kuad\u00ebr t\u00eb planit p\u00ebr lirimin e Ur\u00ebs s\u00eb Ibrit, t\u00eb p\u00ebrfshihet edhe nd\u00ebrtimi i Xhamis\u00eb aty ku ka qen\u00eb.<\/p>\n<p>BIK, ashtu si\u00e7 nuk \u00ebsht\u00eb pajtuar me shkat\u00ebrrimin e xhamis\u00eb, as tani nuk pajtohet me tentimin p\u00ebr  uzurpimin dhe tjet\u00ebrsimin e vak\u00ebfit (vendit- truallit) t\u00eb xhamis\u00eb nga kushdoqoft\u00eb.<br \/>\nBIK-u \u00ebsht\u00eb pronare e vetme dhe legjitime e  vak\u00ebfit &#8211; vendit t\u00eb xhamis\u00eb, dhe k\u00ebrkojm\u00eb q\u00eb aty sa m\u00eb par\u00eb t\u00eb krijohen kushtet dhe mund\u00ebsit\u00eb q\u00eb t\u00eb rind\u00ebrtohet Xhamia.<br \/>\nN\u00ebse xhami \u00ebsht\u00eb shkat\u00ebrruar gjat\u00eb luft\u00ebs, ajo dhe vak\u00ebfi nuk mund q\u00eb t\u00eb tjet\u00ebrsohet e uzurpohet n\u00eb paqe.<\/p>\n<p>Konsiderojm\u00eb q\u00eb nd\u00ebrtimi i Xhamis\u00eb s\u00eb Ibrit, p\u00ebrve\u00e7 q\u00eb do t\u00eb sillte drejt\u00ebsin\u00eb n\u00eb vend, s&#8217;ka dyshim se do t\u00eb ndikoj pozitivisht n\u00eb r\u00ebnien e tensioneve nd\u00ebretnike dhe krijimin e klim\u00ebs s\u00eb mir\u00ebbesimit, toleranc\u00ebs e bashk\u00ebjetes\u00ebs. Nuk mund t\u00eb krijohen premisat p\u00ebr paqe e mir\u00ebkuptim duke uzurpuar e tjet\u00ebrsuar vak\u00ebfet shekullore.<\/p>\n<p><strong>Kryesia e Bashk\u00ebsis\u00eb Islame t\u00eb Kosov\u00ebs<\/strong><\/p>\n","protected":false},"excerpt":{"rendered":"<p>Prishtin\u00eb &#8211; Kryesia e Bashk\u00ebsis\u00eb Islame t\u00eb Kosov\u00ebs me v\u00ebmendje ka p\u00ebrcjell procesin e negociatave n\u00eb Bruksel p\u00ebr heqjen e t\u00eb ashtuquajturit &#8220;Parku i Paqes&#8221;, lirimin e Ur\u00ebs mbi lumin Ib\u00ebr dhe v\u00ebnien e saj n\u00eb funksion t\u00eb qarkullimit t\u00eb lir\u00eb e t\u00eb pa penguar t\u00eb qytetar\u00ebve t\u00eb Mitrovic\u00ebs. Kryesia e BIK p\u00ebrsh\u00ebndet e p\u00ebrkrah [&hellip;]<\/p>\n","protected":false},"author":1,"featured_media":47090,"comment_status":"open","ping_status":"open","sticky":false,"template":"","format":"standard","meta":{"footnotes":""},"categories":[1],"tags":[849,851],"class_list":["post-17799","post","type-post","status-publish","format-standard","has-post-thumbnail","hentry","category-lajme","tag-bashkesia-islame-e-kosoves","tag-xhamia-e-ibrit"],"_links":{"self":[{"href":"https:\/\/prizrenpost.com\/al\/wp-json\/wp\/v2\/posts\/17799","targetHints":{"allow":["GET"]}}],"collection":[{"href":"https:\/\/prizrenpost.com\/al\/wp-json\/wp\/v2\/posts"}],"about":[{"href":"https:\/\/prizrenpost.com\/al\/wp-json\/wp\/v2\/types\/post"}],"author":[{"embeddable":true,"href":"https:\/\/prizrenpost.com\/al\/wp-json\/wp\/v2\/users\/1"}],"replies":[{"embeddable":true,"href":"https:\/\/prizrenpost.com\/al\/wp-json\/wp\/v2\/comments?post=17799"}],"version-history":[{"count":0,"href":"https:\/\/prizrenpost.com\/al\/wp-json\/wp\/v2\/posts\/17799\/revisions"}],"wp:featuredmedia":[{"embeddable":true,"href":"https:\/\/prizrenpost.com\/al\/wp-json\/wp\/v2\/media\/47090"}],"wp:attachment":[{"href":"https:\/\/prizrenpost.com\/al\/wp-json\/wp\/v2\/media?parent=17799"}],"wp:term":[{"taxonomy":"category","embeddable":true,"href":"https:\/\/prizrenpost.com\/al\/wp-json\/wp\/v2\/categories?post=17799"},{"taxonomy":"post_tag","embeddable":true,"href":"https:\/\/prizrenpost.com\/al\/wp-json\/wp\/v2\/tags?post=17799"}],"curies":[{"name":"wp","href":"https:\/\/api.w.org\/{rel}","templated":true}]}}