{"id":17868,"date":"2015-10-24T22:05:48","date_gmt":"2015-10-24T20:05:48","guid":{"rendered":"http:\/\/prizrenpost.com\/al\/?p=17868"},"modified":"2019-01-11T10:09:45","modified_gmt":"2019-01-11T09:09:45","slug":"statistikat-nje-ne-dy-persona-ne-rajon-i-papunesuar","status":"publish","type":"post","link":"https:\/\/prizrenpost.com\/al\/statistikat-nje-ne-dy-persona-ne-rajon-i-papunesuar\/","title":{"rendered":"Statistikat, nj\u00eb n\u00eb dy persona n\u00eb rajon i papun\u00ebsuar"},"content":{"rendered":"<p><img decoding=\"async\" src=\"https:\/\/prizrenpost.com\/al\/wp-content\/uploads\/2015\/10\/sarajeve.jpg\" alt=\"\" width=\"100%\" height=\"\" class=\"alignleft size-full wp-image-51502\" srcset=\"https:\/\/prizrenpost.com\/al\/wp-content\/uploads\/2015\/10\/sarajeve.jpg 864w, https:\/\/prizrenpost.com\/al\/wp-content\/uploads\/2015\/10\/sarajeve-300x168.jpg 300w, https:\/\/prizrenpost.com\/al\/wp-content\/uploads\/2015\/10\/sarajeve-768x431.jpg 768w\" sizes=\"(max-width: 864px) 100vw, 864px\" \/><\/p>\n<p><strong>SARAJEV\u00cb &#8211; T\u00eb dh\u00ebnat e fundit statistikore tregojn\u00eb se nj\u00eb n\u00eb dy persona n\u00eb Ballkan t\u00eb mosh\u00ebsh 18 deri 24 vje\u00e7are \u00ebsht\u00eb i papun\u00ebsuar, raporton Anadolu Agency (AA).<\/strong><\/p>\n<p>T\u00eb dh\u00ebnat statistikore p\u00ebr vitin 2015 tregojn\u00eb se papun\u00ebsia n\u00eb mesin e t\u00eb rinjve n\u00eb rajon \u00ebsht\u00eb m\u00eb e madhe n\u00eb Bosnj\u00eb e Hercegovin\u00eb me rreth 57,9 p\u00ebr qind. <\/p>\n<p>Situata nuk \u00ebsht\u00eb e mir\u00eb as n\u00eb vendet e tjera t\u00eb rajonit ku mesatarisht nj\u00eb n\u00eb dy persona jan\u00eb pa pun\u00eb. <\/p>\n<p>Kur \u00ebsht\u00eb fjala p\u00ebr vendet e tjera t\u00eb rajonit, Maqedonia ndodhet e dyta, nd\u00ebrsa shkalla e papun\u00ebsis\u00eb n\u00eb mesin e t\u00eb rinjve n\u00eb at\u00eb vend aktualisht \u00ebsht\u00eb rreth 53 p\u00ebr qind. <\/p>\n<p>T\u00eb dh\u00ebnat e Eurostatit tregojn\u00eb se Kroacia gjithashtu ndodhet n\u00eb mesin e vendeve t\u00eb Bashkimit Evropian me shkall\u00ebn m\u00eb t\u00eb lart\u00eb t\u00eb papun\u00ebsis\u00eb n\u00eb mesin e t\u00eb rinjve e cila \u00ebsht\u00eb 43,1 p\u00ebr qind. <\/p>\n<p>Gjithashtu, nj\u00eb n\u00eb \u00e7do dy persona n\u00eb Malin e Zi t\u00eb mosh\u00ebsh 18 deri 24 vje\u00e7are nuk ka pun\u00eb dhe ve\u00e7an\u00ebrisht brengoz fakti p\u00ebr rritjen e t\u00eb papun\u00ebsuarve me diplom\u00eb universitare. N\u00eb k\u00ebt\u00eb vend shkalla e papun\u00ebsis\u00eb s\u00eb t\u00eb rinjve \u00ebsht\u00eb 45,3 p\u00ebr qind. <\/p>\n<p>Sipas t\u00eb dh\u00ebnave t\u00eb fundit t\u00eb publikuara n\u00eb tetor t\u00eb k\u00ebtij viti, shkalla e papun\u00ebsis\u00eb s\u00eb t\u00eb rinjve n\u00eb Serbi \u00ebsht\u00eb 43 p\u00ebr qind, nd\u00ebrsa sipas raportit t\u00eb INSTAT t\u00eb publikuar p\u00ebr vitin 2014, shkalla e papun\u00ebsis\u00eb p\u00ebr t\u00eb rinjt\u00eb e mosh\u00ebs 15-29 vje\u00e7 n\u00eb Shqip\u00ebri \u00ebsht\u00eb 32,5 p\u00ebr qind.<\/p>\n<p>Agjencia e Statistikave t\u00eb Kosov\u00ebs (ASK) ka publikuar \u201cRezultatet e Anket\u00ebs s\u00eb Fuqis\u00eb Pun\u00ebtore 2014\u201d n\u00eb Kosov\u00eb ku sipas rezultateve t\u00eb anket\u00ebs n\u00eb mesin e personave t\u00eb mosh\u00ebs 15-24 vje\u00e7are, t\u00eb papun\u00ebsuar jan\u00eb 61 p\u00ebr qind.<\/p>\n<p>&#8211; N\u00eb Gjermani nj\u00eb n\u00eb \u00e7do 12 persona n\u00ebn mosh\u00ebn 25 vje\u00e7are pa pun\u00eb &#8211; <\/p>\n<p>N\u00eb an\u00ebn tjet\u00ebr, n\u00eb nivelin evropian, shkalla e papun\u00ebsis\u00eb s\u00eb t\u00eb rinjve \u00ebsht\u00eb 22,3 p\u00ebr qind. N\u00eb Bashkimin Evropian shkalla e papun\u00ebsis\u00eb tek personat n\u00ebn mosh\u00ebn 25 vje\u00e7are \u00ebsht\u00eb 21,9 p\u00ebrqind, nd\u00ebrsa m\u00eb e lartaa \u00ebsht\u00eb n\u00eb Greqi me rreth 51,8 p\u00ebr qind dhe n\u00eb Spanj\u00eb me rreth 48,6 p\u00ebr qind e t\u00eb papun\u00ebsuarve t\u00eb rinj. Sipas t\u00eb dh\u00ebnave zyrtare Gjermania ka shkall\u00ebn m\u00eb t\u00eb ul\u00ebt t\u00eb papun\u00ebsis\u00eb n\u00eb mesin e personave t\u00eb rinj, dhe at\u00eb 7,8 p\u00ebr qind, nd\u00ebrsa at\u00eb e pason Austria me 9,3 p\u00ebr qind. <\/p>\n","protected":false},"excerpt":{"rendered":"<p>SARAJEV\u00cb &#8211; T\u00eb dh\u00ebnat e fundit statistikore tregojn\u00eb se nj\u00eb n\u00eb dy persona n\u00eb Ballkan t\u00eb mosh\u00ebsh 18 deri 24 vje\u00e7are \u00ebsht\u00eb i papun\u00ebsuar, raporton Anadolu Agency (AA). T\u00eb dh\u00ebnat statistikore p\u00ebr vitin 2015 tregojn\u00eb se papun\u00ebsia n\u00eb mesin e t\u00eb rinjve n\u00eb rajon \u00ebsht\u00eb m\u00eb e madhe n\u00eb Bosnj\u00eb e Hercegovin\u00eb me rreth 57,9 [&hellip;]<\/p>\n","protected":false},"author":1,"featured_media":51502,"comment_status":"open","ping_status":"open","sticky":false,"template":"","format":"standard","meta":{"footnotes":""},"categories":[25],"tags":[879,1785],"class_list":["post-17868","post","type-post","status-publish","format-standard","has-post-thumbnail","hentry","category-ekonomi","tag-ballkan","tag-papunesia"],"_links":{"self":[{"href":"https:\/\/prizrenpost.com\/al\/wp-json\/wp\/v2\/posts\/17868","targetHints":{"allow":["GET"]}}],"collection":[{"href":"https:\/\/prizrenpost.com\/al\/wp-json\/wp\/v2\/posts"}],"about":[{"href":"https:\/\/prizrenpost.com\/al\/wp-json\/wp\/v2\/types\/post"}],"author":[{"embeddable":true,"href":"https:\/\/prizrenpost.com\/al\/wp-json\/wp\/v2\/users\/1"}],"replies":[{"embeddable":true,"href":"https:\/\/prizrenpost.com\/al\/wp-json\/wp\/v2\/comments?post=17868"}],"version-history":[{"count":0,"href":"https:\/\/prizrenpost.com\/al\/wp-json\/wp\/v2\/posts\/17868\/revisions"}],"wp:featuredmedia":[{"embeddable":true,"href":"https:\/\/prizrenpost.com\/al\/wp-json\/wp\/v2\/media\/51502"}],"wp:attachment":[{"href":"https:\/\/prizrenpost.com\/al\/wp-json\/wp\/v2\/media?parent=17868"}],"wp:term":[{"taxonomy":"category","embeddable":true,"href":"https:\/\/prizrenpost.com\/al\/wp-json\/wp\/v2\/categories?post=17868"},{"taxonomy":"post_tag","embeddable":true,"href":"https:\/\/prizrenpost.com\/al\/wp-json\/wp\/v2\/tags?post=17868"}],"curies":[{"name":"wp","href":"https:\/\/api.w.org\/{rel}","templated":true}]}}