{"id":17879,"date":"2015-10-24T22:23:45","date_gmt":"2015-10-24T20:23:45","guid":{"rendered":"http:\/\/prizrenpost.com\/al\/?p=17879"},"modified":"2018-12-23T20:17:24","modified_gmt":"2018-12-23T19:17:24","slug":"erdogan-kritikon-politikat-e-vendeve-te-tjera-ne-siri","status":"publish","type":"post","link":"https:\/\/prizrenpost.com\/al\/erdogan-kritikon-politikat-e-vendeve-te-tjera-ne-siri\/","title":{"rendered":"Erdo\u011fan kritikon politikat e vendeve t\u00eb tjera n\u00eb Siri"},"content":{"rendered":"<p><img decoding=\"async\" src=\"https:\/\/prizrenpost.com\/al\/wp-content\/uploads\/2015\/10\/erdogan.jpeg\" alt=\"\" width=\"100%\" height=\"\" class=\"alignleft size-full wp-image-50802\" srcset=\"https:\/\/prizrenpost.com\/al\/wp-content\/uploads\/2015\/10\/erdogan.jpeg 1920w, https:\/\/prizrenpost.com\/al\/wp-content\/uploads\/2015\/10\/erdogan-300x173.jpeg 300w, https:\/\/prizrenpost.com\/al\/wp-content\/uploads\/2015\/10\/erdogan-768x443.jpeg 768w, https:\/\/prizrenpost.com\/al\/wp-content\/uploads\/2015\/10\/erdogan-1024x591.jpeg 1024w\" sizes=\"(max-width: 1920px) 100vw, 1920px\" \/><\/p>\n<p><strong>Ankara &#8211; Presidenti i Turqis\u00eb, Recep Tayyip Erdo\u011fan n\u00eb nj\u00eb fjalim t\u00eb mbajtur n\u00eb Universitetin Hasan Kalyoncu n\u00eb Gaziantep t\u00eb Turqis\u00eb ka reaguar n\u00eb lidhje me ngarjet e fundit n\u00eb Siri, raporton Anadolu Agency.<\/strong><\/p>\n<p>N\u00eb fjal\u00ebn e tij Erdo\u011fan \u00ebsht\u00eb shprehur: &#8220;\u00c7\u00ebshtja e Siris\u00eb \u00e7do dit\u00eb e m\u00eb shum\u00eb po qendron n\u00eb axhend\u00ebn e bashk\u00ebsis\u00eb nd\u00ebrkomb\u00ebtare. Zona e siguris\u00eb, zona e ndalimit t\u00eb fluturimeve dhe programi trajno dhe furnizo t\u00eb cilat Turqia e mbron q\u00eb nga fillimi i konfliktit \u00e7do dit\u00eb e m\u00eb shum\u00eb po kuptohen m\u00eb mir\u00eb por ajo q\u00eb duan \u00ebsht\u00eb di\u00e7ka tjet\u00ebr. Gj\u00ebja q\u00eb duan n\u00eb t\u00eb v\u00ebrtet\u00eb \u00ebsht\u00eb ndarja e Turqis\u00eb. A ka nonj\u00eb shtet q\u00eb mund ti vler\u00ebsoj\u00eb m\u00eb mir\u00eb se Turqia e cila ka nj\u00eb kufi rreth 91 kilometra me Sirin\u00eb dhe 350 kilometra me Irakun dhe ka lidhje t\u00eb ngushta histroike, kulturore si dhe farefisnore? Por dikush duke th\u00ebn\u00eb se n\u00eb k\u00ebt\u00eb gj\u00eb e dim\u00eb m\u00eb mir\u00eb, e vlersojm\u00eb m\u00eb mir\u00eb po mundohen t\u00eb dalin p\u00ebrpara n\u00eb zgjidhjen e kriz\u00ebs. Kjo \u00ebsht\u00eb arsyeja q\u00eb nuk mund\u00ebn t\u00eb b\u00ebjn\u00eb gj\u00eb. Her\u00ebt a von\u00eb do t\u00eb vijn\u00eb t\u00ebk llogjika dhe teza jon\u00eb. P\u00ebrndryshe ne do t\u00eb detyrohemi t\u00eb hedhim hapat e nevojsh\u00ebm&#8221;.<\/p>\n<p>Presidenti turk, Erdo\u011fan n\u00eb vazhdim t\u00eb fjal\u00ebs s\u00eb tij shtoi: &#8220;E dim\u00eb q\u00eb momentalisht ka rreth 400 pjestar\u00eb t\u00eb organizat\u00ebs terroriste t\u00eb PKK n\u00eb radh\u00ebt e krahut t\u00eb armatosur kurd n\u00eb Siri (PYD). Nuk ka kuptim t\u00eb na ik\u00eb nga syri ky fakt pasi kjo \u00ebsht\u00eb nj\u00eb e v\u00ebrtet\u00eb. Por p\u00ebr fat t\u00eb keq disa shtete t\u00eb cilat neve na paraqiten si mike mundohen ta cil\u00ebsojn\u00eb krejt\u00ebsisht t\u00eb kund\u00ebrt. N\u00ebse k\u00ebto marrin ndihm\u00eb me armatime kjo ndihm\u00eb vjen nga k\u00ebto shtete. Ne e dim\u00eb shum\u00eb mir\u00eb se cilat aarm\u00eb t\u00eb kujt shteti jan\u00eb&#8221;.<\/p>\n<p>&#8211; &#8220;P\u00ebr fat t\u00eb keq njer\u00ebzimi u b\u00eb d\u00ebshmitar\u00eb i edhe k\u00ebsaj ngjarjeje&#8221;.<\/p>\n<p>Erdo\u011fan n\u00eb lidhje vizit\u00ebn e Assad n\u00eb Rusi tha: &#8220;Shikoni takimin e fundit n\u00eb Rusi. A mund ta mendoni? A ka vend n\u00eb diplomacin\u00eb nd\u00ebr shtetet ku nj\u00eb p\u00ebrson i cili \u00ebsht\u00eb p\u00ebrzier n\u00eb gjakun e 370 mij\u00eb personave t\u00eb pritet me tapet t\u00eb kuq? P\u00ebr fat t\u00eb keq njer\u00ebzimi u b\u00eb d\u00ebshmitar\u00eb i edhe k\u00ebsaj ngjarjeje&#8221;.<\/p>\n<p>Nd\u00ebrkoh\u00eb Presidenti turk, Erdo\u011fan nuk la pa kritikuar edhe \u00e7mimin nob\u00ebl n\u00eb fjalimin e tij. &#8220;Na doli nj\u00eb \u00e7\u00ebshje Nebel-i tani dhe filluan t\u00eb mendojn\u00eb p\u00ebr t\u00eb dh\u00ebn\u00eb k\u00ebt\u00eb \u00e7mim p\u00ebr vende t\u00eb cil\u00ebt pranojn\u00eb rreth 30 mij\u00eb refugjat\u00eb. Nobeli nuk jepet vendeve t\u00eb cil\u00ebt mbyllin kufirin ndaj njerzve n\u00eb nevoj\u00eb por atyre q\u00eb presin v\u00ebllezrit tan\u00eb prej vit\u00ebsh pa asnj\u00eb lloj interesi. Ata q\u00eb e meritojn\u00eb Nobelin jan\u00eb v\u00ebllezrit tan\u00eb nga Stambolli, Gaziantepi, \u015eanll\u0131urfa, Mardini, Hatay&#8221; shtoi Presidenti i Turqis\u00eb, Recep Tayyip Erdo\u011fan.<\/p>\n","protected":false},"excerpt":{"rendered":"<p>Ankara &#8211; Presidenti i Turqis\u00eb, Recep Tayyip Erdo\u011fan n\u00eb nj\u00eb fjalim t\u00eb mbajtur n\u00eb Universitetin Hasan Kalyoncu n\u00eb Gaziantep t\u00eb Turqis\u00eb ka reaguar n\u00eb lidhje me ngarjet e fundit n\u00eb Siri, raporton Anadolu Agency. N\u00eb fjal\u00ebn e tij Erdo\u011fan \u00ebsht\u00eb shprehur: &#8220;\u00c7\u00ebshtja e Siris\u00eb \u00e7do dit\u00eb e m\u00eb shum\u00eb po qendron n\u00eb axhend\u00ebn e bashk\u00ebsis\u00eb [&hellip;]<\/p>\n","protected":false},"author":1,"featured_media":50802,"comment_status":"open","ping_status":"open","sticky":false,"template":"","format":"standard","meta":{"footnotes":""},"categories":[24],"tags":[1059,844,310],"class_list":["post-17879","post","type-post","status-publish","format-standard","has-post-thumbnail","hentry","category-bote","tag-recep-tayyip-erdogan","tag-siria","tag-turqia"],"_links":{"self":[{"href":"https:\/\/prizrenpost.com\/al\/wp-json\/wp\/v2\/posts\/17879","targetHints":{"allow":["GET"]}}],"collection":[{"href":"https:\/\/prizrenpost.com\/al\/wp-json\/wp\/v2\/posts"}],"about":[{"href":"https:\/\/prizrenpost.com\/al\/wp-json\/wp\/v2\/types\/post"}],"author":[{"embeddable":true,"href":"https:\/\/prizrenpost.com\/al\/wp-json\/wp\/v2\/users\/1"}],"replies":[{"embeddable":true,"href":"https:\/\/prizrenpost.com\/al\/wp-json\/wp\/v2\/comments?post=17879"}],"version-history":[{"count":0,"href":"https:\/\/prizrenpost.com\/al\/wp-json\/wp\/v2\/posts\/17879\/revisions"}],"wp:featuredmedia":[{"embeddable":true,"href":"https:\/\/prizrenpost.com\/al\/wp-json\/wp\/v2\/media\/50802"}],"wp:attachment":[{"href":"https:\/\/prizrenpost.com\/al\/wp-json\/wp\/v2\/media?parent=17879"}],"wp:term":[{"taxonomy":"category","embeddable":true,"href":"https:\/\/prizrenpost.com\/al\/wp-json\/wp\/v2\/categories?post=17879"},{"taxonomy":"post_tag","embeddable":true,"href":"https:\/\/prizrenpost.com\/al\/wp-json\/wp\/v2\/tags?post=17879"}],"curies":[{"name":"wp","href":"https:\/\/api.w.org\/{rel}","templated":true}]}}