{"id":18159,"date":"2015-11-26T09:09:46","date_gmt":"2015-11-26T08:09:46","guid":{"rendered":"http:\/\/prizrenpost.com\/al\/?p=18159"},"modified":"2018-12-11T09:25:07","modified_gmt":"2018-12-11T08:25:07","slug":"vizita-ne-kosove-e-shefit-te-diplomacise-amerikane-nuk-e-zgjidh-bllokaden","status":"publish","type":"post","link":"https:\/\/prizrenpost.com\/al\/vizita-ne-kosove-e-shefit-te-diplomacise-amerikane-nuk-e-zgjidh-bllokaden\/","title":{"rendered":"Vizita n\u00eb Kosov\u00eb e shefit t\u00eb diplomacis\u00eb amerikane nuk e zgjidh bllokad\u00ebn"},"content":{"rendered":"<p><img decoding=\"async\" src=\"https:\/\/prizrenpost.com\/al\/wp-content\/uploads\/2015\/11\/kerry-1.jpg\" alt=\"\" width=\"100%\" height=\"\" class=\"alignleft size-full wp-image-49947\" srcset=\"https:\/\/prizrenpost.com\/al\/wp-content\/uploads\/2015\/11\/kerry-1.jpg 650w, https:\/\/prizrenpost.com\/al\/wp-content\/uploads\/2015\/11\/kerry-1-300x165.jpg 300w\" sizes=\"(max-width: 650px) 100vw, 650px\" \/><\/p>\n<p>Prishtine &#8211; <strong>Sekretari amerikan i Shtetit, John Kerry, gjat\u00eb vizit\u00ebs s\u00eb tij zyrtare m\u00eb 2 dhjetor t\u00eb k\u00ebtij viti n\u00eb Kosov\u00eb nuk do t\u00eb diskutoj\u00eb me zyrtar\u00ebt vendor\u00eb p\u00ebr zgjidhjen e bllokad\u00ebs politike n\u00eb Kuvend.<\/strong><\/p>\n<p>K\u00ebt\u00eb e kan\u00eb konfirmuar t\u00eb m\u00ebrkur\u00ebn p\u00ebr gazet\u00ebn \u201cZ\u00ebri\u201d zyrtar\u00eb t\u00eb Ambasad\u00ebs s\u00eb Shteteve t\u00eb Bashkuara t\u00eb Amerik\u00ebs n\u00eb Prishtin\u00eb, duke b\u00ebr\u00eb t\u00eb ditur se vizita e sekretarit Kerry \u00ebsht\u00eb d\u00ebshmi e miq\u00ebsis\u00eb s\u00eb fort\u00eb mes SHBA-s\u00eb dhe Kosov\u00ebs.<\/p>\n<p>Ata nuk kan\u00eb mundur t\u00eb japin as detaje t\u00eb takimeve t\u00eb sekretarit Kerry n\u00eb vend.<br \/>\n\u201cOrari i vizit\u00ebs s\u00eb sekretarit Kerry nuk \u00ebsht\u00eb finalizuar ende, prandaj ne nuk mund t\u00eb flasim p\u00ebr takime t\u00eb ve\u00e7anta q\u00eb mund t\u00eb mbahen gjat\u00eb vizit\u00ebs s\u00eb tij n\u00eb Kosov\u00eb. Vizita nuk \u00ebsht\u00eb e lidhur n\u00eb asnj\u00eb m\u00ebnyr\u00eb me situat\u00ebn aktuale politike, por \u00ebsht\u00eb d\u00ebshmi e miq\u00ebsis\u00eb s\u00eb fort\u00eb mes SHBA-s\u00eb dhe Kosov\u00ebs, si dhe p\u00ebrkushtimit t\u00eb fuqish\u00ebm t\u00eb SHBA-s\u00eb ndaj Kosov\u00ebs\u201d, ka deklaruar p\u00ebr \u201cZ\u00ebrin\u201d z\u00ebdh\u00ebn\u00ebsja e Ambasad\u00ebs s\u00eb SHBA-s\u00eb n\u00eb Prishtin\u00eb, Michelle Schohn.<\/p>\n<p>Departamenti i Shtetit amerikan ka konfirmuar t\u00eb mart\u00ebn se John Kerry m\u00eb 2 dhjetor do ta vizitoj\u00eb Kosov\u00ebn. Kerry do t\u00eb vizitoj\u00eb disa vende evropiane dhe ballkanike, duke p\u00ebrfshir\u00eb k\u00ebtu Franc\u00ebn, Belgjik\u00ebn, Kosov\u00ebn, Serbin\u00eb, Qipron dhe Greqin\u00eb.\/Z\u00ebri\/<\/p>\n","protected":false},"excerpt":{"rendered":"<p>Prishtine &#8211; Sekretari amerikan i Shtetit, John Kerry, gjat\u00eb vizit\u00ebs s\u00eb tij zyrtare m\u00eb 2 dhjetor t\u00eb k\u00ebtij viti n\u00eb Kosov\u00eb nuk do t\u00eb diskutoj\u00eb me zyrtar\u00ebt vendor\u00eb p\u00ebr zgjidhjen e bllokad\u00ebs politike n\u00eb Kuvend. K\u00ebt\u00eb e kan\u00eb konfirmuar t\u00eb m\u00ebrkur\u00ebn p\u00ebr gazet\u00ebn \u201cZ\u00ebri\u201d zyrtar\u00eb t\u00eb Ambasad\u00ebs s\u00eb Shteteve t\u00eb Bashkuara t\u00eb Amerik\u00ebs n\u00eb Prishtin\u00eb, [&hellip;]<\/p>\n","protected":false},"author":1,"featured_media":49947,"comment_status":"open","ping_status":"open","sticky":false,"template":"","format":"standard","meta":{"footnotes":""},"categories":[14],"tags":[980,48],"class_list":["post-18159","post","type-post","status-publish","format-standard","has-post-thumbnail","hentry","category-kombetare","tag-john-kerry","tag-kosove"],"_links":{"self":[{"href":"https:\/\/prizrenpost.com\/al\/wp-json\/wp\/v2\/posts\/18159","targetHints":{"allow":["GET"]}}],"collection":[{"href":"https:\/\/prizrenpost.com\/al\/wp-json\/wp\/v2\/posts"}],"about":[{"href":"https:\/\/prizrenpost.com\/al\/wp-json\/wp\/v2\/types\/post"}],"author":[{"embeddable":true,"href":"https:\/\/prizrenpost.com\/al\/wp-json\/wp\/v2\/users\/1"}],"replies":[{"embeddable":true,"href":"https:\/\/prizrenpost.com\/al\/wp-json\/wp\/v2\/comments?post=18159"}],"version-history":[{"count":0,"href":"https:\/\/prizrenpost.com\/al\/wp-json\/wp\/v2\/posts\/18159\/revisions"}],"wp:featuredmedia":[{"embeddable":true,"href":"https:\/\/prizrenpost.com\/al\/wp-json\/wp\/v2\/media\/49947"}],"wp:attachment":[{"href":"https:\/\/prizrenpost.com\/al\/wp-json\/wp\/v2\/media?parent=18159"}],"wp:term":[{"taxonomy":"category","embeddable":true,"href":"https:\/\/prizrenpost.com\/al\/wp-json\/wp\/v2\/categories?post=18159"},{"taxonomy":"post_tag","embeddable":true,"href":"https:\/\/prizrenpost.com\/al\/wp-json\/wp\/v2\/tags?post=18159"}],"curies":[{"name":"wp","href":"https:\/\/api.w.org\/{rel}","templated":true}]}}