{"id":18285,"date":"2015-12-07T16:18:22","date_gmt":"2015-12-07T15:18:22","guid":{"rendered":"http:\/\/prizrenpost.com\/al\/?p=18285"},"modified":"2018-12-23T19:47:03","modified_gmt":"2018-12-23T18:47:03","slug":"29-pjestaret-e-grupit-te-kumanoves-deklarohen-te-pafajshem","status":"publish","type":"post","link":"https:\/\/prizrenpost.com\/al\/29-pjestaret-e-grupit-te-kumanoves-deklarohen-te-pafajshem\/","title":{"rendered":"29 pjestar\u00ebt e grupit t\u00eb Kumanov\u00ebs deklarohen t\u00eb pafajsh\u00ebm"},"content":{"rendered":"<p><img decoding=\"async\" src=\"https:\/\/prizrenpost.com\/al\/wp-content\/uploads\/2015\/12\/kumanovagrup-1.jpg\" alt=\"\" width=\"100%\" height=\"\" class=\"alignleft size-full wp-image-50774\" srcset=\"https:\/\/prizrenpost.com\/al\/wp-content\/uploads\/2015\/12\/kumanovagrup-1.jpg 910w, https:\/\/prizrenpost.com\/al\/wp-content\/uploads\/2015\/12\/kumanovagrup-1-300x150.jpg 300w, https:\/\/prizrenpost.com\/al\/wp-content\/uploads\/2015\/12\/kumanovagrup-1-768x384.jpg 768w\" sizes=\"(max-width: 910px) 100vw, 910px\" \/><\/p>\n<p><strong>Shkup &#8211; Nj\u00ebzet e n\u00ebnt\u00eb t\u00eb akuzuar p\u00ebr terroriz\u00ebm n\u00eb Kumanov\u00eb sot u deklaruan se jan\u00eb t\u00eb pafajsh\u00ebm p\u00ebr aktakuz\u00ebn e ngritur ndaj tyre.<\/strong><\/p>\n<p>Ata than\u00eb se nuk ndjehen fajtor p\u00ebr vepr\u00ebn penale q\u00eb jan\u00eb t\u00eb ngarkuar \u201cterroriz\u00ebm\u201d dhe nuk kan\u00eb par\u00eb ndonj\u00eb d\u00ebshmi p\u00ebr at\u00eb q\u00eb faj\u00ebsohen.<\/p>\n<p>Prokurori Naum Panofski tha \u2018ky grup m\u00eb par\u00eb ka sulmuar stacionin policor n\u00eb Goshinc\u00eb, dhe me arm\u00eb t\u00eb vjedhura disa dit\u00eb m\u00eb von\u00eb ata jan\u00eb vendosur me vendbanim n\u00eb Kumanov\u00eb. Sipas aktit, gjykata zot\u00ebron prova edhe n\u00eb baz\u00eb t\u00eb informacioneve t\u00eb marra nga autoritetet e Kosov\u00ebs. N\u00eb m\u00ebngjesin e 9 majit kur policia arriti, disa nga t\u00eb pandehurit q\u00eb ishin n\u00eb grupin e par\u00eb hodh\u00ebn nj\u00eb bomb\u00eb dhe pastaj me arm\u00eb automatike dhe snajper\u00eb q\u00eblluan oficer\u00ebt. N\u00eb dy dit\u00eb, tet\u00eb polic\u00eb u vran\u00eb dhe disa t\u00eb tjer\u00eb u plagos\u00ebn\u2019 p\u00ebrfundoi Panofski.<\/p>\n<p>Avokati i t\u00eb akuzuarit Naser Rauf vuri n\u00eb dukje se n\u00eb shtat\u00eb muajt e kaluar nuk ka as ndonj\u00eb prov\u00eb p\u00ebr t\u00eb t\u00eb gjith\u00eb t\u00eb akuzuarit. Kolegu i tij Isen Shasivari theksoi se disa nga t\u00eb pandehurit ishin dhunuar fizikisht, rrahur dhe k\u00ebrkoi p\u00ebrjashtimin e prokuroris\u00eb publike dhe rasti t\u00eb transferohet n\u00eb juridiksionin e Prokuroris\u00eb Speciale.<\/p>\n<p>Sipas aktakuz\u00ebs 18, grupi i Kumanov\u00ebs kishte uniforma t\u00eb U\u00c7K-s\u00eb.<\/p>\n<p>Gjyqi i sot\u00ebm pritet t\u00eb zgjas\u00eb deri von\u00eb n\u00eb mbr\u00ebmje, i cili do t\u00eb vendoset nga kund\u00ebrshtimet e avokat\u00ebve dhe t\u00eb t\u00eb pandehurve.<\/p>\n","protected":false},"excerpt":{"rendered":"<p>Shkup &#8211; Nj\u00ebzet e n\u00ebnt\u00eb t\u00eb akuzuar p\u00ebr terroriz\u00ebm n\u00eb Kumanov\u00eb sot u deklaruan se jan\u00eb t\u00eb pafajsh\u00ebm p\u00ebr aktakuz\u00ebn e ngritur ndaj tyre. Ata than\u00eb se nuk ndjehen fajtor p\u00ebr vepr\u00ebn penale q\u00eb jan\u00eb t\u00eb ngarkuar \u201cterroriz\u00ebm\u201d dhe nuk kan\u00eb par\u00eb ndonj\u00eb d\u00ebshmi p\u00ebr at\u00eb q\u00eb faj\u00ebsohen. Prokurori Naum Panofski tha \u2018ky grup m\u00eb [&hellip;]<\/p>\n","protected":false},"author":1,"featured_media":50774,"comment_status":"open","ping_status":"open","sticky":false,"template":"","format":"standard","meta":{"footnotes":""},"categories":[14],"tags":[1029,1002],"class_list":["post-18285","post","type-post","status-publish","format-standard","has-post-thumbnail","hentry","category-kombetare","tag-grupi-i-kumanoves","tag-maqedoni"],"_links":{"self":[{"href":"https:\/\/prizrenpost.com\/al\/wp-json\/wp\/v2\/posts\/18285","targetHints":{"allow":["GET"]}}],"collection":[{"href":"https:\/\/prizrenpost.com\/al\/wp-json\/wp\/v2\/posts"}],"about":[{"href":"https:\/\/prizrenpost.com\/al\/wp-json\/wp\/v2\/types\/post"}],"author":[{"embeddable":true,"href":"https:\/\/prizrenpost.com\/al\/wp-json\/wp\/v2\/users\/1"}],"replies":[{"embeddable":true,"href":"https:\/\/prizrenpost.com\/al\/wp-json\/wp\/v2\/comments?post=18285"}],"version-history":[{"count":0,"href":"https:\/\/prizrenpost.com\/al\/wp-json\/wp\/v2\/posts\/18285\/revisions"}],"wp:featuredmedia":[{"embeddable":true,"href":"https:\/\/prizrenpost.com\/al\/wp-json\/wp\/v2\/media\/50774"}],"wp:attachment":[{"href":"https:\/\/prizrenpost.com\/al\/wp-json\/wp\/v2\/media?parent=18285"}],"wp:term":[{"taxonomy":"category","embeddable":true,"href":"https:\/\/prizrenpost.com\/al\/wp-json\/wp\/v2\/categories?post=18285"},{"taxonomy":"post_tag","embeddable":true,"href":"https:\/\/prizrenpost.com\/al\/wp-json\/wp\/v2\/tags?post=18285"}],"curies":[{"name":"wp","href":"https:\/\/api.w.org\/{rel}","templated":true}]}}