{"id":18398,"date":"2015-12-11T16:32:21","date_gmt":"2015-12-11T15:32:21","guid":{"rendered":"http:\/\/prizrenpost.com\/al\/?p=18398"},"modified":"2019-01-11T12:57:02","modified_gmt":"2019-01-11T11:57:02","slug":"erdogan-per-forcat-ne-mosul-iraku-kerkoi-ndihme-nga-turqia","status":"publish","type":"post","link":"https:\/\/prizrenpost.com\/al\/erdogan-per-forcat-ne-mosul-iraku-kerkoi-ndihme-nga-turqia\/","title":{"rendered":"Erdogan p\u00ebr forcat n\u00eb Mosul: Iraku k\u00ebrkoi ndihm\u00eb nga Turqia"},"content":{"rendered":"<p><img decoding=\"async\" src=\"https:\/\/prizrenpost.com\/al\/wp-content\/uploads\/2015\/12\/erdogan-1.jpg\" alt=\"\" width=\"100%\" height=\"\" class=\"alignleft size-full wp-image-51555\" srcset=\"https:\/\/prizrenpost.com\/al\/wp-content\/uploads\/2015\/12\/erdogan-1.jpg 910w, https:\/\/prizrenpost.com\/al\/wp-content\/uploads\/2015\/12\/erdogan-1-300x169.jpg 300w, https:\/\/prizrenpost.com\/al\/wp-content\/uploads\/2015\/12\/erdogan-1-768x432.jpg 768w\" sizes=\"(max-width: 910px) 100vw, 910px\" \/><\/p>\n<p><strong>Ankara &#8211; Erdogan ka folur edhe p\u00ebr reagimin e qeveris\u00eb s\u00eb Irakut n\u00eb lidhje me ndryshimin e trupave turke n\u00eb Mosul dhe ka rikujtuar se Iraku vitin e kaluar pasi DAESH-i hyri n\u00eb Mosul k\u00ebrkoi ndihm\u00eb nga Turqia.<\/strong><\/p>\n<p>Presidenti i Turqis\u00eb, Recep Tayyip Erdogan, n\u00eb kanalin Al Jazeera Arabisht n\u00eb nj\u00eb intervist\u00eb e cila do t\u00eb publikohet e plot\u00eb  k\u00ebt\u00eb mbr\u00ebmje iu \u00ebsht\u00eb p\u00ebrgjigjur pyetjeve n\u00eb lidhje me rendin e dit\u00ebs, raporton Anadolu Agency (AA).<\/p>\n<p>Erdogan ka folur edhe p\u00ebr reagimin e qeveris\u00eb s\u00eb Irakut n\u00eb lidhje me ndryshimin e trupave turke n\u00eb Mosul dhe ka rikujtuar se Iraku vitin e kaluar pasi DAESH-i hyri n\u00eb Mosul dhe pasi ndoqi nj\u00eb politik\u00eb p\u00ebr tu p\u00ebrhapur n\u00eb Irakun e Veriut k\u00ebrkoi ndihm\u00eb nga Turqia.<\/p>\n<p>Presidenti turk ka pohuar se: \u201cIbadi gjat\u00eb vizit\u00ebs s\u00eb tij n\u00eb Turqi n\u00eb vitin 2014 kur foli p\u00ebr k\u00ebto nga ana e tij pati k\u00ebrkesa p\u00ebr trajnime. Dhe n\u00eb kuad\u00ebr t\u00eb k\u00ebtyre k\u00ebrkesave formuam kampin Bashika. P\u00ebr t\u00eb gjitha k\u00ebto kan\u00eb informacione dhe jan\u00eb t\u00eb lajm\u00ebruar. Tani a nuk mund t\u00eb ngrihet nj\u00eb pyetje \u2018Ku ishit ju kur u formua kampi Bashika?\u2019, ku nga ajo dit\u00eb e deri tani nuk ka patur asnj\u00eb reagim. Dhe tani pas disa zhvillimeve t\u00eb reja n\u00eb rajon hidhni nj\u00eb hap t\u00eb till\u00eb. N\u00eb k\u00ebt\u00eb m\u00ebnyr\u00eb ne p\u00ebr t\u00eb forcuar kampin Bashika rrit\u00ebm nj\u00ebsit\u00eb tona trajnuese, t\u00eb cilat plot\u00ebsisht nuk ndodhen atje si forca luftarake. Ato ndodhen atje m\u00eb shum\u00eb si trajnues&#8221;.<\/p>\n<p>&#8211; &#8220;Iraku dhe Irani jan\u00eb duke bashk\u00ebpunuar p\u00ebr sektarizmin&#8221;-<\/p>\n<p>Erdogan, duke v\u00ebn\u00eb n\u00eb dukje se n\u00eb rajon ka vende t\u00eb cilat ndjekin politika me baz\u00eb sektare ka theksuar se Turqia \u00ebsht\u00eb nj\u00eb vend kund\u00ebr sektarizmit.<\/p>\n<p>Duke theksuar se vendet m\u00eb n\u00eb krye q\u00eb kryejn\u00eb sektariz\u00ebm n\u00eb rajon jan\u00eb Irani dhe Iraku Erdogan ka deklaruar m\u00eb tej: &#8220;Fatkeq\u00ebsisht n\u00eb k\u00ebt\u00eb moment Iraku me Iranin jan\u00eb n\u00eb krye t\u00eb nj\u00eb sektarizmi, k\u00ebt\u00eb e kemi v\u00ebzhguar me keqardhje, jan\u00eb n\u00eb nj\u00eb bashk\u00ebpunim. Dhe ky bashk\u00ebpunim vazhdon gjithashtu edhe n\u00eb Siri. \u00c7far\u00eb ka n\u00ebn k\u00ebt\u00eb problem n\u00eb Siri? S\u00ebrish sektarizmi. Teksa tani hidhet ky hap n\u00eb \u00e7far\u00eb situate do t\u00eb ndodhen sunnit\u00ebt k\u00ebtu? Sepse k\u00ebtu ka sunnit\u00eb arab\u00eb, sunnit\u00eb turkmen\u00eb dhe kurd\u00eb. \u00c7far\u00eb do t\u00eb b\u00ebhet me sigurin\u00eb e tyre? T\u00eb gjith\u00eb k\u00ebto kan\u00eb nevoj\u00eb q\u00eb me trajno-pajis t\u00eb jen\u00eb t\u00eb mbrojtur. T\u00eb gjith\u00eb hapat e hedhur jan\u00eb n\u00eb k\u00ebt\u00eb drejtim. Shikoni q\u00eb prej nj\u00eb kohe t\u00eb gjat\u00eb ve\u00e7an\u00ebrisht Qeveria Rajonale Kurde e Irakut t\u00eb Veriut ndodhet n\u00eb nj\u00eb situat\u00eb ku ka humbur shum\u00eb t\u00eb drejta, t\u00eb cilat duhet ti jepen&#8221;.<\/p>\n<p>Erdogan, duke u shprehur se n\u00eb Irak nuk ka nj\u00eb koncept t\u00eb nj\u00eb qeverisjeje t\u00eb drejt\u00eb, ka theksuar se nj\u00eb pjes\u00eb e madhe e popullit duke p\u00ebrfshir\u00eb edhe arab\u00ebt jan\u00eb t\u00eb shqet\u00ebsuar.<\/p>\n","protected":false},"excerpt":{"rendered":"<p>Ankara &#8211; Erdogan ka folur edhe p\u00ebr reagimin e qeveris\u00eb s\u00eb Irakut n\u00eb lidhje me ndryshimin e trupave turke n\u00eb Mosul dhe ka rikujtuar se Iraku vitin e kaluar pasi DAESH-i hyri n\u00eb Mosul k\u00ebrkoi ndihm\u00eb nga Turqia. Presidenti i Turqis\u00eb, Recep Tayyip Erdogan, n\u00eb kanalin Al Jazeera Arabisht n\u00eb nj\u00eb intervist\u00eb e cila do [&hellip;]<\/p>\n","protected":false},"author":1,"featured_media":51555,"comment_status":"open","ping_status":"open","sticky":false,"template":"","format":"standard","meta":{"footnotes":""},"categories":[24],"tags":[1060,1059,310],"class_list":["post-18398","post","type-post","status-publish","format-standard","has-post-thumbnail","hentry","category-bote","tag-iraku","tag-recep-tayyip-erdogan","tag-turqia"],"_links":{"self":[{"href":"https:\/\/prizrenpost.com\/al\/wp-json\/wp\/v2\/posts\/18398","targetHints":{"allow":["GET"]}}],"collection":[{"href":"https:\/\/prizrenpost.com\/al\/wp-json\/wp\/v2\/posts"}],"about":[{"href":"https:\/\/prizrenpost.com\/al\/wp-json\/wp\/v2\/types\/post"}],"author":[{"embeddable":true,"href":"https:\/\/prizrenpost.com\/al\/wp-json\/wp\/v2\/users\/1"}],"replies":[{"embeddable":true,"href":"https:\/\/prizrenpost.com\/al\/wp-json\/wp\/v2\/comments?post=18398"}],"version-history":[{"count":0,"href":"https:\/\/prizrenpost.com\/al\/wp-json\/wp\/v2\/posts\/18398\/revisions"}],"wp:featuredmedia":[{"embeddable":true,"href":"https:\/\/prizrenpost.com\/al\/wp-json\/wp\/v2\/media\/51555"}],"wp:attachment":[{"href":"https:\/\/prizrenpost.com\/al\/wp-json\/wp\/v2\/media?parent=18398"}],"wp:term":[{"taxonomy":"category","embeddable":true,"href":"https:\/\/prizrenpost.com\/al\/wp-json\/wp\/v2\/categories?post=18398"},{"taxonomy":"post_tag","embeddable":true,"href":"https:\/\/prizrenpost.com\/al\/wp-json\/wp\/v2\/tags?post=18398"}],"curies":[{"name":"wp","href":"https:\/\/api.w.org\/{rel}","templated":true}]}}