{"id":18488,"date":"2015-12-16T13:56:36","date_gmt":"2015-12-16T12:56:36","guid":{"rendered":"http:\/\/prizrenpost.com\/al\/?p=18488"},"modified":"2019-02-24T18:16:07","modified_gmt":"2019-02-24T17:16:07","slug":"lideret-opozitare-arrijne-ne-protesten-e-pejes","status":"publish","type":"post","link":"https:\/\/prizrenpost.com\/al\/lideret-opozitare-arrijne-ne-protesten-e-pejes\/","title":{"rendered":"Lider\u00ebt opozitar\u00eb arrijn\u00eb n\u00eb protest\u00ebn e Pej\u00ebs"},"content":{"rendered":"<p><img decoding=\"async\" src=\"https:\/\/prizrenpost.com\/al\/wp-content\/uploads\/2015\/12\/protesta-peje.jpg\" alt=\"\" width=\"100%\" height=\"\" class=\"alignleft size-full wp-image-53412\" srcset=\"https:\/\/prizrenpost.com\/al\/wp-content\/uploads\/2015\/12\/protesta-peje.jpg 650w, https:\/\/prizrenpost.com\/al\/wp-content\/uploads\/2015\/12\/protesta-peje-300x165.jpg 300w\" sizes=\"(max-width: 650px) 100vw, 650px\" \/><\/p>\n<p><strong>Pej\u00eb &#8211; P\u00ebrfaq\u00ebsues t\u00eb partive opozitare kan\u00eb ardhur n\u00eb mesin e protestuesve n\u00eb sheshin kryesor t\u00eb Pej\u00ebs, ku pas pak, pritet t\u00eb filloj\u00eb protesta kund\u00ebr marr\u00ebveshjes me Serbin\u00eb p\u00ebr themelimin e Asociacionit t\u00eb Komunave Serbe dhe asaj me Malin e Zi p\u00ebr demarkacionin e kufirit.<\/strong><\/p>\n<p>Visar Ymeri i Vet\u00ebvendosjes dhe Ramush Haradinaj i AAK-s\u00eb jan\u00eb n\u00eb shesh, nd\u00ebrsa nuk \u00ebsht\u00eb par\u00eb ende Fatmir Limaj nga NISMA.<\/p>\n<p>N\u00eb vend t\u00eb tij, protest\u00ebs i \u00ebsht\u00eb bashkuar Jakup Krasniqi.<\/p>\n","protected":false},"excerpt":{"rendered":"<p>Pej\u00eb &#8211; P\u00ebrfaq\u00ebsues t\u00eb partive opozitare kan\u00eb ardhur n\u00eb mesin e protestuesve n\u00eb sheshin kryesor t\u00eb Pej\u00ebs, ku pas pak, pritet t\u00eb filloj\u00eb protesta kund\u00ebr marr\u00ebveshjes me Serbin\u00eb p\u00ebr themelimin e Asociacionit t\u00eb Komunave Serbe dhe asaj me Malin e Zi p\u00ebr demarkacionin e kufirit. Visar Ymeri i Vet\u00ebvendosjes dhe Ramush Haradinaj i AAK-s\u00eb jan\u00eb [&hellip;]<\/p>\n","protected":false},"author":1,"featured_media":53412,"comment_status":"open","ping_status":"open","sticky":false,"template":"","format":"standard","meta":{"footnotes":""},"categories":[14],"tags":[909,697,1093,872],"class_list":["post-18488","post","type-post","status-publish","format-standard","has-post-thumbnail","hentry","category-kombetare","tag-demarkacioni","tag-opozita","tag-peje","tag-protesta"],"_links":{"self":[{"href":"https:\/\/prizrenpost.com\/al\/wp-json\/wp\/v2\/posts\/18488","targetHints":{"allow":["GET"]}}],"collection":[{"href":"https:\/\/prizrenpost.com\/al\/wp-json\/wp\/v2\/posts"}],"about":[{"href":"https:\/\/prizrenpost.com\/al\/wp-json\/wp\/v2\/types\/post"}],"author":[{"embeddable":true,"href":"https:\/\/prizrenpost.com\/al\/wp-json\/wp\/v2\/users\/1"}],"replies":[{"embeddable":true,"href":"https:\/\/prizrenpost.com\/al\/wp-json\/wp\/v2\/comments?post=18488"}],"version-history":[{"count":0,"href":"https:\/\/prizrenpost.com\/al\/wp-json\/wp\/v2\/posts\/18488\/revisions"}],"wp:featuredmedia":[{"embeddable":true,"href":"https:\/\/prizrenpost.com\/al\/wp-json\/wp\/v2\/media\/53412"}],"wp:attachment":[{"href":"https:\/\/prizrenpost.com\/al\/wp-json\/wp\/v2\/media?parent=18488"}],"wp:term":[{"taxonomy":"category","embeddable":true,"href":"https:\/\/prizrenpost.com\/al\/wp-json\/wp\/v2\/categories?post=18488"},{"taxonomy":"post_tag","embeddable":true,"href":"https:\/\/prizrenpost.com\/al\/wp-json\/wp\/v2\/tags?post=18488"}],"curies":[{"name":"wp","href":"https:\/\/api.w.org\/{rel}","templated":true}]}}