{"id":1863,"date":"2013-08-29T18:42:17","date_gmt":"2013-08-29T16:42:17","guid":{"rendered":"http:\/\/prizrenpost.com\/al\/?p=1863"},"modified":"2020-06-29T19:27:04","modified_gmt":"2020-06-29T17:27:04","slug":"hoxhaj-kerkon-ndryshimin-e-1244-dhe-anetaresim-ne-okb","status":"publish","type":"post","link":"https:\/\/prizrenpost.com\/al\/hoxhaj-kerkon-ndryshimin-e-1244-dhe-anetaresim-ne-okb\/","title":{"rendered":"Hoxhaj k\u00ebrkon ndryshimin e 1244 dhe an\u00ebtar\u00ebsim n\u00eb OKB"},"content":{"rendered":"<p><img decoding=\"async\" src=\"https:\/\/prizrenpost.com\/al\/wp-content\/uploads\/2013\/08\/hoxhajj.jpg\" alt=\"\" width=\"100%\" height=\"\" class=\"alignleft size-full wp-image-59072\" srcset=\"https:\/\/prizrenpost.com\/al\/wp-content\/uploads\/2013\/08\/hoxhajj.jpg 1300w, https:\/\/prizrenpost.com\/al\/wp-content\/uploads\/2013\/08\/hoxhajj-300x200.jpg 300w, https:\/\/prizrenpost.com\/al\/wp-content\/uploads\/2013\/08\/hoxhajj-1024x683.jpg 1024w, https:\/\/prizrenpost.com\/al\/wp-content\/uploads\/2013\/08\/hoxhajj-768x512.jpg 768w\" sizes=\"(max-width: 1300px) 100vw, 1300px\" \/><\/p>\n<p><strong>Ministri i Pun\u00ebve t\u00eb Jashtme i Republik\u00ebs s\u00eb Kosov\u00ebs, Enver Hoxhaj, gjat\u00eb fjalimit t\u00eb mbajtur t\u00eb enjten n\u00eb seanc\u00ebn e K\u00ebshillit t\u00eb Sigurimit t\u00eb Organizat\u00ebs s\u00eb Kombeve t\u00eb Bashkuara, ka k\u00ebrkuar q\u00eb t\u00eb ndryshohet rezoluta 1244 dhe q\u00eb Republika e Kosov\u00ebs t\u00eb b\u00ebhet an\u00ebtare e Kombeve t\u00eb Bashkuara.<br \/>\nHoxhaj para an\u00ebtar\u00ebve t\u00eb KS t\u00eb OKB-s\u00eb ka prezantuar zhvillimet kryesore politike q\u00eb kan\u00eb ndodhur n\u00eb Kosov\u00eb, gjat\u00eb tre muajve t\u00eb fundit.<\/strong><\/p>\n<p>Lidhur me procesin e bisedimeve n\u00eb Bruksel, ai tha se q\u00eb nga 19 prilli, jan\u00eb mbajtur pes\u00ebmb\u00ebdhjet\u00eb takime nd\u00ebrmjet kryeministrit Tha\u00e7i dhe Dacic n\u00eb Bruksel.<\/p>\n<p>Hoxhaj gjithashtu theksoi se d\u00ebshtimi i Beogradit q\u00eb t\u00eb pranoj\u00eb marr\u00ebveshjen p\u00ebr energjin\u00eb dhe telekomin k\u00ebt\u00eb jav\u00eb, marr\u00ebveshje kjo q\u00eb \u00ebsht\u00eb n\u00eb pritje qe dy vite, \u00ebsht\u00eb d\u00ebshmia m\u00eb e mir\u00eb e munges\u00ebs s\u00eb vullnetit politik p\u00ebr t\u00eb zgjidh \u00e7\u00ebshtjet e hapura nd\u00ebrshtet\u00ebrore.<\/p>\n<p>\u201cMegjithat\u00eb, ne mir\u00ebpresim hapjen e zyr\u00ebs nd\u00ebrlidh\u00ebse t\u00eb Kosov\u00ebs n\u00eb Serbi dhe em\u00ebrimin e Ambasadorit ton\u00eb nga Zagrebi p\u00ebr t\u00eb filluar misionin n\u00eb Beograd\u201d.<\/p>\n<p>Para an\u00ebtar\u00ebve t\u00eb K\u00ebshillit t\u00eb Sigurimit, ministri Hoxhaj ka ngritur edhe \u00e7\u00ebshtjen e personave t\u00eb pagjetur, duke theksuar se kjo \u00e7\u00ebshtje vazhdon t\u00eb jet\u00eb prezente n\u00eb shoq\u00ebrin\u00eb e Kosov\u00ebs.<\/p>\n<p>\u201cKjo k\u00ebrkon angazhim t\u00eb sinqert\u00eb dhe bashk\u00ebpunim nga Beogradi dhe p\u00ebrkrahje nga bashk\u00ebsia nd\u00ebrkomb\u00ebtare. Sa m\u00eb shpejt t\u00eb zgjidhet fati i tyre, m\u00eb t\u00eb larta do t\u00eb jen\u00eb shanset p\u00ebr pajtimin nd\u00ebr-etnik dhe nd\u00ebr-shtet\u00ebror midis Kosov\u00ebs dhe Serbis\u00eb\u201d, tha Hoxhaj.<\/p>\n<p>Ai ka shprehur mir\u00ebnjohje edhe p\u00ebr Kombet e Bashkuara p\u00ebr rolin e tyre n\u00eb nd\u00ebrtimin e institucioneve shtet\u00ebrore dhe konsolidimin e paqes n\u00eb vend. Po ashtu ka shtuar se nuk ka asnj\u00eb dyshim se UNMIK-u ka luajtur nj\u00eb rol aktiv n\u00eb stabilizimin e Kosov\u00ebs nga viti 1999 deri n\u00eb vitin 2007. Por, theksoi se tani \u00ebsht\u00eb e r\u00ebnd\u00ebsishme t\u00eb pranojm\u00eb se UNMIK-u nuk ka m\u00eb nj\u00eb rol p\u00ebr t\u00eb luajtur n\u00eb Kosov\u00eb.<\/p>\n<p>\u201c\u00cbsht\u00eb koha p\u00ebr k\u00ebt\u00eb K\u00ebshill t\u00eb konsideroj transformimin e misionit t\u00eb UNMIK-ut n\u00eb nj\u00eb zyr\u00eb politike t\u00eb OKB-s\u00eb, e cila do t\u00eb koordinonte t\u00eb gjitha agjencit\u00eb e OKB-s\u00eb, fondet dhe programet. N\u00eb k\u00ebt\u00eb drejtim, funksionin m\u00eb t\u00eb r\u00ebnd\u00ebsish\u00ebm q\u00eb OKB mund t\u00eb luaj\u00eb n\u00eb Kosov\u00eb \u00ebsht\u00eb q\u00eb t\u00eb na mb\u00ebshtes\u00eb n\u00eb p\u00ebrgatitjen ton\u00eb p\u00ebr aderim n\u00eb Kombet e Bashkuara\u201d.<\/p>\n<p>Hoxhaj tha se Kosova e kupton se p\u00ebr t\u00eb arritur k\u00ebt\u00eb \u00ebsht\u00eb i nevojsh\u00ebm vullneti politik dhe uniteti midis an\u00ebtar\u00ebve t\u00eb k\u00ebtij K\u00ebshilli.<\/p>\n<p>\u201cNe i b\u00ebjm\u00eb thirrje K\u00ebshillit t\u00eb Sigurimit q\u00eb t\u00eb nd\u00ebrmarr\u00eb aktivitete konkrete, me koh\u00eb dhe definitive q\u00eb do t\u2019i mund\u00ebsonin Kosov\u00ebs q\u00eb t\u00eb marr\u00eb vendin e saj q\u00eb i takon n\u00eb familjen e kombeve t\u00eb lira dhe demokratike\u201d.<\/p>\n<p>Hoxhaj shprehu angazhimin e fort\u00eb p\u00ebr t\u00eb zbatuar plot\u00ebsisht marr\u00ebveshjen e normalizimit me Serbin\u00eb, dhe t\u00eb marr seriozisht t\u00eb gjitha detyrimet, t\u00eb cilat jan\u00eb t\u00eb nevojshme p\u00ebr t\u00eb siguruar integrim t\u00eb paq\u00ebsor t\u00eb komunave veriore n\u00eb institucionet e Kosov\u00ebs.<\/p>\n<p>\u201cMegjithat\u00eb, normalizimi i plot\u00eb i marr\u00ebdh\u00ebnieve nd\u00ebrshtet\u00ebrore do t\u00eb arrihet at\u00ebher\u00eb kur Serbia t\u00eb njoh pavar\u00ebsin\u00eb e Kosov\u00ebs. N\u00eb t\u00eb nj\u00ebjt\u00ebn koh\u00eb, kontributi nd\u00ebrkomb\u00ebtar do t\u00eb p\u00ebrfundoj\u00eb kur Kosova t\u00eb b\u00ebhet an\u00ebtare e plot\u00eb dhe e barabart\u00eb e Kombeve t\u00eb Bashkuara\u201d, tha ministri Hoxhaj, para an\u00ebtar\u00ebve t\u00eb K\u00ebshillit t\u00eb Sigurimit t\u00eb Kombeve t\u00eb Bashkuara. \/Telegrafi\/<\/p>\n","protected":false},"excerpt":{"rendered":"<p>Ministri i Pun\u00ebve t\u00eb Jashtme i Republik\u00ebs s\u00eb Kosov\u00ebs, Enver Hoxhaj, gjat\u00eb fjalimit t\u00eb mbajtur t\u00eb enjten n\u00eb seanc\u00ebn e K\u00ebshillit t\u00eb Sigurimit t\u00eb Organizat\u00ebs s\u00eb Kombeve t\u00eb Bashkuara, ka k\u00ebrkuar q\u00eb t\u00eb ndryshohet rezoluta 1244 dhe q\u00eb Republika e Kosov\u00ebs t\u00eb b\u00ebhet an\u00ebtare e Kombeve t\u00eb Bashkuara. Hoxhaj para an\u00ebtar\u00ebve t\u00eb KS t\u00eb OKB-s\u00eb [&hellip;]<\/p>\n","protected":false},"author":1,"featured_media":59072,"comment_status":"open","ping_status":"open","sticky":false,"template":"","format":"standard","meta":{"footnotes":""},"categories":[1],"tags":[],"class_list":["post-1863","post","type-post","status-publish","format-standard","has-post-thumbnail","hentry","category-lajme"],"_links":{"self":[{"href":"https:\/\/prizrenpost.com\/al\/wp-json\/wp\/v2\/posts\/1863","targetHints":{"allow":["GET"]}}],"collection":[{"href":"https:\/\/prizrenpost.com\/al\/wp-json\/wp\/v2\/posts"}],"about":[{"href":"https:\/\/prizrenpost.com\/al\/wp-json\/wp\/v2\/types\/post"}],"author":[{"embeddable":true,"href":"https:\/\/prizrenpost.com\/al\/wp-json\/wp\/v2\/users\/1"}],"replies":[{"embeddable":true,"href":"https:\/\/prizrenpost.com\/al\/wp-json\/wp\/v2\/comments?post=1863"}],"version-history":[{"count":1,"href":"https:\/\/prizrenpost.com\/al\/wp-json\/wp\/v2\/posts\/1863\/revisions"}],"predecessor-version":[{"id":59112,"href":"https:\/\/prizrenpost.com\/al\/wp-json\/wp\/v2\/posts\/1863\/revisions\/59112"}],"wp:featuredmedia":[{"embeddable":true,"href":"https:\/\/prizrenpost.com\/al\/wp-json\/wp\/v2\/media\/59072"}],"wp:attachment":[{"href":"https:\/\/prizrenpost.com\/al\/wp-json\/wp\/v2\/media?parent=1863"}],"wp:term":[{"taxonomy":"category","embeddable":true,"href":"https:\/\/prizrenpost.com\/al\/wp-json\/wp\/v2\/categories?post=1863"},{"taxonomy":"post_tag","embeddable":true,"href":"https:\/\/prizrenpost.com\/al\/wp-json\/wp\/v2\/tags?post=1863"}],"curies":[{"name":"wp","href":"https:\/\/api.w.org\/{rel}","templated":true}]}}