{"id":18932,"date":"2016-01-02T13:57:05","date_gmt":"2016-01-02T12:57:05","guid":{"rendered":"https:\/\/prizrenpost.com\/al\/?p=18932"},"modified":"2019-02-24T20:15:02","modified_gmt":"2019-02-24T19:15:02","slug":"sa-mire-i-shpalosin-stupcat-mbetjet-e-luftes","status":"publish","type":"post","link":"https:\/\/prizrenpost.com\/al\/sa-mire-i-shpalosin-stupcat-mbetjet-e-luftes\/","title":{"rendered":"Sa mir\u00eb i shpalosin Stupcat mbetjet e luft\u00ebs"},"content":{"rendered":"<p><img decoding=\"async\" src=\"https:\/\/prizrenpost.com\/al\/wp-content\/uploads\/2016\/01\/stupcat-1.jpg\" alt=\"\" width=\"100%\" height=\"\" class=\"alignleft size-full wp-image-53570\" srcset=\"https:\/\/prizrenpost.com\/al\/wp-content\/uploads\/2016\/01\/stupcat-1.jpg 910w, https:\/\/prizrenpost.com\/al\/wp-content\/uploads\/2016\/01\/stupcat-1-300x150.jpg 300w, https:\/\/prizrenpost.com\/al\/wp-content\/uploads\/2016\/01\/stupcat-1-768x384.jpg 768w\" sizes=\"(max-width: 910px) 100vw, 910px\" \/><\/p>\n<p><strong>Prishtin\u00eb &#8211; M\u00ebnyra se si \u00ebsht\u00eb portretizuar U\u00c7K-ja n\u00eb nj\u00eb ske\u00e7 humoristik t\u00eb transmetuar n\u00eb KTV, ka prekur Organizat\u00ebn e Veteran\u00ebve t\u00eb Luft\u00ebs s\u00eb Ushtris\u00eb \u00c7lirimtare t\u00eb Kosov\u00ebs.<br \/>\nN\u00eb em\u00ebr t\u00eb k\u00ebsaj organizate ka reaguar Sekretari i OVL t\u00eb U\u00c7K-s\u00eb, sipas t\u00eb cilit ky humor nuk ka asgj\u00eb t\u00eb v\u00ebrtet me U\u00c7K-n\u00eb dhe q\u00eb \u00ebsht\u00eb \u201cpolitik\u00eb tendencioze e televizionit q\u00eb e ka transmetuar\u201d.<\/strong><\/p>\n<p>Klinaku ka th\u00ebn\u00eb p\u00ebr Magazina.al se edhe humori duhet ta ket\u00eb nj\u00eb kufi.<\/p>\n<p>\u201cNuk guxon t\u00eb b\u00ebhen tallje e shpifje me vlerat e kombit shqiptar, si\u00e7 \u00ebsht\u00eb Ushtria \u00c7lirimtare e Kosov\u00ebs\u201c, ka th\u00ebn\u00eb Klinaku p\u00ebr Magazina.al<\/p>\n<p>Sipas tij, jan\u00eb t\u00eb kota p\u00ebrpjekjet e p\u00ebr t\u2019ia humbur vler\u00ebn nj\u00eb Ushtrie q\u00eb \u201cme gjakun e saj i siguroi Kosov\u00ebs at\u00eb q\u00eb sot po e g\u00ebzojn\u00eb qytetar\u00ebt e saj\u201d.<\/p>\n<p>\u201cVler\u00ebn e U\u00c7K-s\u00eb jan\u00eb munduar ta humbin q\u00eb nga paslufta e k\u00ebndej, me arrestime, me montime t\u00eb proceseve gjyq\u00ebsore politike, etiketime e shpifje &#8211; si nga vendor\u00ebt e po ashtu edhe nd\u00ebrkomb\u00ebtaret. Por, kot e kan\u00eb sepse ai lum gjaku q\u00eb \u00ebsht\u00eb derdhur p\u00ebr k\u00ebt\u00eb gjysm\u00eb lirie, q\u00eb ata po e p\u00ebrqeshin, nuk do t\u00eb shkoj\u00eb huq. Sepse kurdo do ta fitojm\u00eb lirin\u00eb e plot\u00eb dhe do t\u2019i kemi gjyqet e pandikuara politikisht e ku do t\u2019i ndjekin t\u00eb gjith\u00eb ata q\u00eb i b\u00ebjn\u00eb t\u00eb keqija vendit\u201d, thot\u00eb Klinaku p\u00ebr Magazina.al.<\/p>\n","protected":false},"excerpt":{"rendered":"<p>Prishtin\u00eb &#8211; M\u00ebnyra se si \u00ebsht\u00eb portretizuar U\u00c7K-ja n\u00eb nj\u00eb ske\u00e7 humoristik t\u00eb transmetuar n\u00eb KTV, ka prekur Organizat\u00ebn e Veteran\u00ebve t\u00eb Luft\u00ebs s\u00eb Ushtris\u00eb \u00c7lirimtare t\u00eb Kosov\u00ebs. N\u00eb em\u00ebr t\u00eb k\u00ebsaj organizate ka reaguar Sekretari i OVL t\u00eb U\u00c7K-s\u00eb, sipas t\u00eb cilit ky humor nuk ka asgj\u00eb t\u00eb v\u00ebrtet me U\u00c7K-n\u00eb dhe q\u00eb \u00ebsht\u00eb [&hellip;]<\/p>\n","protected":false},"author":1,"featured_media":53570,"comment_status":"open","ping_status":"open","sticky":false,"template":"","format":"standard","meta":{"footnotes":""},"categories":[4],"tags":[48,1196,36],"class_list":["post-18932","post","type-post","status-publish","format-standard","has-post-thumbnail","hentry","category-kulture","tag-kosove","tag-stupcat","tag-uck"],"_links":{"self":[{"href":"https:\/\/prizrenpost.com\/al\/wp-json\/wp\/v2\/posts\/18932","targetHints":{"allow":["GET"]}}],"collection":[{"href":"https:\/\/prizrenpost.com\/al\/wp-json\/wp\/v2\/posts"}],"about":[{"href":"https:\/\/prizrenpost.com\/al\/wp-json\/wp\/v2\/types\/post"}],"author":[{"embeddable":true,"href":"https:\/\/prizrenpost.com\/al\/wp-json\/wp\/v2\/users\/1"}],"replies":[{"embeddable":true,"href":"https:\/\/prizrenpost.com\/al\/wp-json\/wp\/v2\/comments?post=18932"}],"version-history":[{"count":0,"href":"https:\/\/prizrenpost.com\/al\/wp-json\/wp\/v2\/posts\/18932\/revisions"}],"wp:featuredmedia":[{"embeddable":true,"href":"https:\/\/prizrenpost.com\/al\/wp-json\/wp\/v2\/media\/53570"}],"wp:attachment":[{"href":"https:\/\/prizrenpost.com\/al\/wp-json\/wp\/v2\/media?parent=18932"}],"wp:term":[{"taxonomy":"category","embeddable":true,"href":"https:\/\/prizrenpost.com\/al\/wp-json\/wp\/v2\/categories?post=18932"},{"taxonomy":"post_tag","embeddable":true,"href":"https:\/\/prizrenpost.com\/al\/wp-json\/wp\/v2\/tags?post=18932"}],"curies":[{"name":"wp","href":"https:\/\/api.w.org\/{rel}","templated":true}]}}