{"id":18946,"date":"2016-01-03T14:28:24","date_gmt":"2016-01-03T13:28:24","guid":{"rendered":"https:\/\/prizrenpost.com\/al\/?p=18946"},"modified":"2019-01-29T13:35:11","modified_gmt":"2019-01-29T12:35:11","slug":"sulmohet-dhe-i-vihet-flaka-amabsades-se-ketij-shteti-ne-iran","status":"publish","type":"post","link":"https:\/\/prizrenpost.com\/al\/sulmohet-dhe-i-vihet-flaka-amabsades-se-ketij-shteti-ne-iran\/","title":{"rendered":"Sulmohet dhe i vihet flaka amabsad\u00ebs arabe n\u00eb Iran"},"content":{"rendered":"<p><img decoding=\"async\" src=\"https:\/\/prizrenpost.com\/al\/wp-content\/uploads\/2016\/01\/sa-teheran-1.jpg\" alt=\"\" width=\"100%\" height=\"\" class=\"alignleft size-full wp-image-51935\" srcset=\"https:\/\/prizrenpost.com\/al\/wp-content\/uploads\/2016\/01\/sa-teheran-1.jpg 910w, https:\/\/prizrenpost.com\/al\/wp-content\/uploads\/2016\/01\/sa-teheran-1-300x150.jpg 300w, https:\/\/prizrenpost.com\/al\/wp-content\/uploads\/2016\/01\/sa-teheran-1-768x384.jpg 768w\" sizes=\"(max-width: 910px) 100vw, 910px\" \/><\/p>\n<p><strong>Teheran &#8211; Incidentet vijn\u00eb pak or\u00eb pas shpalljes s\u00eb ekzekutimit t\u00eb klerikut shiit 56-vje\u00e7ar Nimr el-Nimr, i cili ishte nj\u00eb figur\u00eb ky\u00e7e n\u00eb protestat anti-qeveritare n\u00eb mbret\u00ebrin\u00eb Saudite q\u00eb nga viti 2011.<\/strong><\/p>\n<p>Turmat zem\u00ebruara q\u00eb protestonin p\u00ebr ekzekutimin e Arabis\u00eb Saudite t\u00eb kleriku t\u00eb lart\u00eb shiit i vun\u00eb zjarrin ambasad\u00ebs t\u00eb mbret\u00ebris\u00eb Saudite n\u00eb Teheran k\u00ebt\u00eb shtune, njoftoi agjencia e lajmeve ISNA.<\/p>\n<p>N\u00eb Mashhad, qyteti i dyt\u00eb m\u00eb i madh i Iranit, demonstruesit i vun\u00eb flak\u00ebn konsullat\u00ebs saudite, sipas webfaqeve t\u00eb lajmeve, q\u00eb mbanin fotografit\u00eb e sulmit.<\/p>\n<p>Ekzekutimi ka nxitur d\u00ebnim t\u00eb fort\u00eb nga shiit-shumic\u00eb t\u00eb Iranit dhe Irakut.<br \/>\n&#8220;Ka flak\u00ebt brenda ambasad\u00ebs &#8230; demonstruesit ishin n\u00eb gjendje p\u00ebr t\u00eb hyr\u00eb brenda, por jan\u00eb nxjerr\u00eb p\u00ebrs\u00ebri jasht\u00eb&#8221;, thon\u00eb burime t\u00eb ISNA.\/Prizren Post\/<\/p>\n","protected":false},"excerpt":{"rendered":"<p>Teheran &#8211; Incidentet vijn\u00eb pak or\u00eb pas shpalljes s\u00eb ekzekutimit t\u00eb klerikut shiit 56-vje\u00e7ar Nimr el-Nimr, i cili ishte nj\u00eb figur\u00eb ky\u00e7e n\u00eb protestat anti-qeveritare n\u00eb mbret\u00ebrin\u00eb Saudite q\u00eb nga viti 2011. Turmat zem\u00ebruara q\u00eb protestonin p\u00ebr ekzekutimin e Arabis\u00eb Saudite t\u00eb kleriku t\u00eb lart\u00eb shiit i vun\u00eb zjarrin ambasad\u00ebs t\u00eb mbret\u00ebris\u00eb Saudite n\u00eb Teheran [&hellip;]<\/p>\n","protected":false},"author":1,"featured_media":51935,"comment_status":"open","ping_status":"open","sticky":false,"template":"","format":"standard","meta":{"footnotes":""},"categories":[24],"tags":[1031,3389],"class_list":["post-18946","post","type-post","status-publish","format-standard","has-post-thumbnail","hentry","category-bote","tag-arabia-saudite","tag-irani"],"_links":{"self":[{"href":"https:\/\/prizrenpost.com\/al\/wp-json\/wp\/v2\/posts\/18946","targetHints":{"allow":["GET"]}}],"collection":[{"href":"https:\/\/prizrenpost.com\/al\/wp-json\/wp\/v2\/posts"}],"about":[{"href":"https:\/\/prizrenpost.com\/al\/wp-json\/wp\/v2\/types\/post"}],"author":[{"embeddable":true,"href":"https:\/\/prizrenpost.com\/al\/wp-json\/wp\/v2\/users\/1"}],"replies":[{"embeddable":true,"href":"https:\/\/prizrenpost.com\/al\/wp-json\/wp\/v2\/comments?post=18946"}],"version-history":[{"count":0,"href":"https:\/\/prizrenpost.com\/al\/wp-json\/wp\/v2\/posts\/18946\/revisions"}],"wp:featuredmedia":[{"embeddable":true,"href":"https:\/\/prizrenpost.com\/al\/wp-json\/wp\/v2\/media\/51935"}],"wp:attachment":[{"href":"https:\/\/prizrenpost.com\/al\/wp-json\/wp\/v2\/media?parent=18946"}],"wp:term":[{"taxonomy":"category","embeddable":true,"href":"https:\/\/prizrenpost.com\/al\/wp-json\/wp\/v2\/categories?post=18946"},{"taxonomy":"post_tag","embeddable":true,"href":"https:\/\/prizrenpost.com\/al\/wp-json\/wp\/v2\/tags?post=18946"}],"curies":[{"name":"wp","href":"https:\/\/api.w.org\/{rel}","templated":true}]}}