{"id":18963,"date":"2016-01-04T22:13:47","date_gmt":"2016-01-04T21:13:47","guid":{"rendered":"https:\/\/prizrenpost.com\/al\/?p=18963"},"modified":"2018-12-06T09:12:33","modified_gmt":"2018-12-06T08:12:33","slug":"zidane-trajneri-i-ri-i-realit","status":"publish","type":"post","link":"https:\/\/prizrenpost.com\/al\/zidane-trajneri-i-ri-i-realit\/","title":{"rendered":"Zidane trajneri i ri i Realit"},"content":{"rendered":"<p><img decoding=\"async\" src=\"https:\/\/prizrenpost.com\/al\/wp-content\/uploads\/2016\/01\/zidane-1.jpg\" alt=\"\" width=\"100%\" height=\"\" class=\"alignleft size-full wp-image-48989\" srcset=\"https:\/\/prizrenpost.com\/al\/wp-content\/uploads\/2016\/01\/zidane-1.jpg 910w, https:\/\/prizrenpost.com\/al\/wp-content\/uploads\/2016\/01\/zidane-1-300x150.jpg 300w, https:\/\/prizrenpost.com\/al\/wp-content\/uploads\/2016\/01\/zidane-1-768x384.jpg 768w\" sizes=\"(max-width: 910px) 100vw, 910px\" \/><\/p>\n<p><strong>Madrid &#8211; Florentino Perez n\u00eb konferenc\u00ebn p\u00ebr shtyp p\u00ebr media ka b\u00ebr\u00eb publike se bordi i klubit ka vendosur, Zinedine Zidane te jet\u00eb trajner i ri i Realit Madridit.<\/strong><\/p>\n<p>I e z\u00ebvend\u00ebsoi Rafa Benitezin e shkarkuar, i cili u shkarkua nga detyra vet\u00ebm pas pes\u00eb muajsh.<\/p>\n<p>Tekniku francez ishte trajner i t\u00eb rinjve t\u00eb Realit. <\/p>\n","protected":false},"excerpt":{"rendered":"<p>Madrid &#8211; Florentino Perez n\u00eb konferenc\u00ebn p\u00ebr shtyp p\u00ebr media ka b\u00ebr\u00eb publike se bordi i klubit ka vendosur, Zinedine Zidane te jet\u00eb trajner i ri i Realit Madridit. I e z\u00ebvend\u00ebsoi Rafa Benitezin e shkarkuar, i cili u shkarkua nga detyra vet\u00ebm pas pes\u00eb muajsh. Tekniku francez ishte trajner i t\u00eb rinjve t\u00eb Realit.<\/p>\n","protected":false},"author":1,"featured_media":48989,"comment_status":"open","ping_status":"open","sticky":false,"template":"","format":"standard","meta":{"footnotes":""},"categories":[7],"tags":[1020,1210,1209],"class_list":["post-18963","post","type-post","status-publish","format-standard","has-post-thumbnail","hentry","category-sport","tag-la-liga","tag-real-madrid","tag-zinedine-zidane"],"_links":{"self":[{"href":"https:\/\/prizrenpost.com\/al\/wp-json\/wp\/v2\/posts\/18963","targetHints":{"allow":["GET"]}}],"collection":[{"href":"https:\/\/prizrenpost.com\/al\/wp-json\/wp\/v2\/posts"}],"about":[{"href":"https:\/\/prizrenpost.com\/al\/wp-json\/wp\/v2\/types\/post"}],"author":[{"embeddable":true,"href":"https:\/\/prizrenpost.com\/al\/wp-json\/wp\/v2\/users\/1"}],"replies":[{"embeddable":true,"href":"https:\/\/prizrenpost.com\/al\/wp-json\/wp\/v2\/comments?post=18963"}],"version-history":[{"count":0,"href":"https:\/\/prizrenpost.com\/al\/wp-json\/wp\/v2\/posts\/18963\/revisions"}],"wp:featuredmedia":[{"embeddable":true,"href":"https:\/\/prizrenpost.com\/al\/wp-json\/wp\/v2\/media\/48989"}],"wp:attachment":[{"href":"https:\/\/prizrenpost.com\/al\/wp-json\/wp\/v2\/media?parent=18963"}],"wp:term":[{"taxonomy":"category","embeddable":true,"href":"https:\/\/prizrenpost.com\/al\/wp-json\/wp\/v2\/categories?post=18963"},{"taxonomy":"post_tag","embeddable":true,"href":"https:\/\/prizrenpost.com\/al\/wp-json\/wp\/v2\/tags?post=18963"}],"curies":[{"name":"wp","href":"https:\/\/api.w.org\/{rel}","templated":true}]}}