{"id":19009,"date":"2016-01-05T11:32:46","date_gmt":"2016-01-05T10:32:46","guid":{"rendered":"https:\/\/prizrenpost.com\/al\/?p=19009"},"modified":"2018-12-10T19:43:19","modified_gmt":"2018-12-10T18:43:19","slug":"kosova-mund-te-fitoje-medaljen-e-pare-olimpike","status":"publish","type":"post","link":"https:\/\/prizrenpost.com\/al\/kosova-mund-te-fitoje-medaljen-e-pare-olimpike\/","title":{"rendered":"Kosova mund t\u00eb fitoj\u00eb medaljen e par\u00eb olimpike"},"content":{"rendered":"<p><img decoding=\"async\" src=\"https:\/\/prizrenpost.com\/al\/wp-content\/uploads\/2016\/01\/majlinda-kelmendi-1.jpg\" alt=\"\" width=\"100%\" height=\"\" class=\"alignleft size-full wp-image-49816\" srcset=\"https:\/\/prizrenpost.com\/al\/wp-content\/uploads\/2016\/01\/majlinda-kelmendi-1.jpg 910w, https:\/\/prizrenpost.com\/al\/wp-content\/uploads\/2016\/01\/majlinda-kelmendi-1-300x150.jpg 300w, https:\/\/prizrenpost.com\/al\/wp-content\/uploads\/2016\/01\/majlinda-kelmendi-1-768x384.jpg 768w\" sizes=\"(max-width: 910px) 100vw, 910px\" \/><\/p>\n<p><strong>Majlinda Kelmendi po punon intensivisht q\u00eb t\u00eb rikthej\u00eb form\u00ebn ideale, me t\u00eb cil\u00ebn u shpall kampione e bot\u00ebs dy her\u00eb. Xhudistja pejane do t\u00eb p\u00ebrfaq\u00ebsoj\u00eb Kosov\u00ebn p\u00ebr her\u00eb t\u00eb par\u00eb n\u00eb Loj\u00ebrat Olimpike \u201cRio 2016\u201d.<\/strong><\/p>\n<p>T\u00eb gjith\u00eb n\u00eb Kosov\u00eb, por edhe jasht\u00eb saj, mendojn\u00eb se ajo do t\u00eb shk\u00eblqej\u00eb n\u00eb evenimentin m\u00eb t\u00eb r\u00ebnd\u00ebsish\u00ebm t\u00eb sportit, q\u00eb mbahet \u00e7do kat\u00ebr vjet. K\u00ebshtu mendon edhe portali i njohur \u201cinsidethegames.biz\u201d, i cili e ka b\u00ebr\u00eb nj\u00eb p\u00ebrmbledhje t\u00eb Olimpiad\u00ebs.<\/p>\n<p>\u201cXhudistja Majlinda Kelmendi, mund t\u00eb shk\u00eblqej\u00eb dhe t\u00eb jet\u00eb yll, nd\u00ebrsa Kosova do ta b\u00ebj\u00eb prezantimin e par\u00eb n\u00eb Olimpiad\u00eb, ku mund t\u00eb fitoj\u00eb edhe medalje\u201d, shkruan ky portal. Olimpiada e Rios mbahet n\u00eb gusht 2016. \/Z\u00ebri\/<\/p>\n","protected":false},"excerpt":{"rendered":"<p>Majlinda Kelmendi po punon intensivisht q\u00eb t\u00eb rikthej\u00eb form\u00ebn ideale, me t\u00eb cil\u00ebn u shpall kampione e bot\u00ebs dy her\u00eb. Xhudistja pejane do t\u00eb p\u00ebrfaq\u00ebsoj\u00eb Kosov\u00ebn p\u00ebr her\u00eb t\u00eb par\u00eb n\u00eb Loj\u00ebrat Olimpike \u201cRio 2016\u201d. T\u00eb gjith\u00eb n\u00eb Kosov\u00eb, por edhe jasht\u00eb saj, mendojn\u00eb se ajo do t\u00eb shk\u00eblqej\u00eb n\u00eb evenimentin m\u00eb t\u00eb r\u00ebnd\u00ebsish\u00ebm t\u00eb [&hellip;]<\/p>\n","protected":false},"author":1,"featured_media":49816,"comment_status":"open","ping_status":"open","sticky":false,"template":"","format":"standard","meta":{"footnotes":""},"categories":[7],"tags":[287,1230,927],"class_list":["post-19009","post","type-post","status-publish","format-standard","has-post-thumbnail","hentry","category-sport","tag-kosova","tag-lojerat-olimpike","tag-majlinda-kelmendi"],"_links":{"self":[{"href":"https:\/\/prizrenpost.com\/al\/wp-json\/wp\/v2\/posts\/19009","targetHints":{"allow":["GET"]}}],"collection":[{"href":"https:\/\/prizrenpost.com\/al\/wp-json\/wp\/v2\/posts"}],"about":[{"href":"https:\/\/prizrenpost.com\/al\/wp-json\/wp\/v2\/types\/post"}],"author":[{"embeddable":true,"href":"https:\/\/prizrenpost.com\/al\/wp-json\/wp\/v2\/users\/1"}],"replies":[{"embeddable":true,"href":"https:\/\/prizrenpost.com\/al\/wp-json\/wp\/v2\/comments?post=19009"}],"version-history":[{"count":0,"href":"https:\/\/prizrenpost.com\/al\/wp-json\/wp\/v2\/posts\/19009\/revisions"}],"wp:featuredmedia":[{"embeddable":true,"href":"https:\/\/prizrenpost.com\/al\/wp-json\/wp\/v2\/media\/49816"}],"wp:attachment":[{"href":"https:\/\/prizrenpost.com\/al\/wp-json\/wp\/v2\/media?parent=19009"}],"wp:term":[{"taxonomy":"category","embeddable":true,"href":"https:\/\/prizrenpost.com\/al\/wp-json\/wp\/v2\/categories?post=19009"},{"taxonomy":"post_tag","embeddable":true,"href":"https:\/\/prizrenpost.com\/al\/wp-json\/wp\/v2\/tags?post=19009"}],"curies":[{"name":"wp","href":"https:\/\/api.w.org\/{rel}","templated":true}]}}