{"id":19057,"date":"2016-01-09T18:34:33","date_gmt":"2016-01-09T17:34:33","guid":{"rendered":"https:\/\/prizrenpost.com\/al\/?p=19057"},"modified":"2018-12-09T19:17:59","modified_gmt":"2018-12-09T18:17:59","slug":"opozita-permend-100-000-protestues-policia-thote-se-ishin-8-000-kush-ka-te-drejte","status":"publish","type":"post","link":"https:\/\/prizrenpost.com\/al\/opozita-permend-100-000-protestues-policia-thote-se-ishin-8-000-kush-ka-te-drejte\/","title":{"rendered":"Opozita p\u00ebrmend 100.000 protestues, Policia thot\u00eb se ishin 8.000: Kush ka t\u00eb drejt\u00eb?"},"content":{"rendered":"<p><img decoding=\"async\" src=\"https:\/\/prizrenpost.com\/al\/wp-content\/uploads\/2016\/01\/protesta-vv-1.jpg\" alt=\"\" width=\"100%\" height=\"\" class=\"alignleft size-full wp-image-49659\" srcset=\"https:\/\/prizrenpost.com\/al\/wp-content\/uploads\/2016\/01\/protesta-vv-1.jpg 910w, https:\/\/prizrenpost.com\/al\/wp-content\/uploads\/2016\/01\/protesta-vv-1-300x150.jpg 300w, https:\/\/prizrenpost.com\/al\/wp-content\/uploads\/2016\/01\/protesta-vv-1-768x384.jpg 768w\" sizes=\"(max-width: 910px) 100vw, 910px\" \/><\/p>\n<p><strong>Prishtin\u00eb &#8211; L\u00ebvizja Vet\u00ebvendosje p\u00ebrmes nj\u00eb postimin n\u00eb profilin e saj n\u00eb Facebook, m\u00eb her\u00ebt ka th\u00ebn\u00eb se kjo \u00ebsht\u00eb \u201cprotesta m\u00eb e madhe prej pasluft\u00ebs\u201d dhe se n\u00eb t\u00eb marrin pjes\u00eb afro 100 mij\u00eb persona!<\/strong><\/p>\n<p>Nd\u00ebrkaq, n\u00eb konferenc\u00ebn p\u00ebr shtyp p\u00ebrkitazi me protest\u00ebn dhe eskalimin e situat\u00ebs nga disa protestues, Baki Kelani, z\u00ebdh\u00ebn\u00ebs i Policis\u00eb s\u00eb Kosov\u00ebs, ka th\u00ebn\u00eb se n\u00eb protest\u00ebn e sotme kan\u00eb marr\u00eb pjes\u00eb rreth tet\u00ebmij\u00eb qytetar\u00eb. <\/p>\n","protected":false},"excerpt":{"rendered":"<p>Prishtin\u00eb &#8211; L\u00ebvizja Vet\u00ebvendosje p\u00ebrmes nj\u00eb postimin n\u00eb profilin e saj n\u00eb Facebook, m\u00eb her\u00ebt ka th\u00ebn\u00eb se kjo \u00ebsht\u00eb \u201cprotesta m\u00eb e madhe prej pasluft\u00ebs\u201d dhe se n\u00eb t\u00eb marrin pjes\u00eb afro 100 mij\u00eb persona! Nd\u00ebrkaq, n\u00eb konferenc\u00ebn p\u00ebr shtyp p\u00ebrkitazi me protest\u00ebn dhe eskalimin e situat\u00ebs nga disa protestues, Baki Kelani, z\u00ebdh\u00ebn\u00ebs i [&hellip;]<\/p>\n","protected":false},"author":1,"featured_media":49659,"comment_status":"open","ping_status":"open","sticky":false,"template":"","format":"standard","meta":{"footnotes":""},"categories":[14],"tags":[48,741,872,699],"class_list":["post-19057","post","type-post","status-publish","format-standard","has-post-thumbnail","hentry","category-kombetare","tag-kosove","tag-policia","tag-protesta","tag-vetevendosje"],"_links":{"self":[{"href":"https:\/\/prizrenpost.com\/al\/wp-json\/wp\/v2\/posts\/19057","targetHints":{"allow":["GET"]}}],"collection":[{"href":"https:\/\/prizrenpost.com\/al\/wp-json\/wp\/v2\/posts"}],"about":[{"href":"https:\/\/prizrenpost.com\/al\/wp-json\/wp\/v2\/types\/post"}],"author":[{"embeddable":true,"href":"https:\/\/prizrenpost.com\/al\/wp-json\/wp\/v2\/users\/1"}],"replies":[{"embeddable":true,"href":"https:\/\/prizrenpost.com\/al\/wp-json\/wp\/v2\/comments?post=19057"}],"version-history":[{"count":0,"href":"https:\/\/prizrenpost.com\/al\/wp-json\/wp\/v2\/posts\/19057\/revisions"}],"wp:featuredmedia":[{"embeddable":true,"href":"https:\/\/prizrenpost.com\/al\/wp-json\/wp\/v2\/media\/49659"}],"wp:attachment":[{"href":"https:\/\/prizrenpost.com\/al\/wp-json\/wp\/v2\/media?parent=19057"}],"wp:term":[{"taxonomy":"category","embeddable":true,"href":"https:\/\/prizrenpost.com\/al\/wp-json\/wp\/v2\/categories?post=19057"},{"taxonomy":"post_tag","embeddable":true,"href":"https:\/\/prizrenpost.com\/al\/wp-json\/wp\/v2\/tags?post=19057"}],"curies":[{"name":"wp","href":"https:\/\/api.w.org\/{rel}","templated":true}]}}