{"id":19443,"date":"2016-01-30T12:55:38","date_gmt":"2016-01-30T11:55:38","guid":{"rendered":"https:\/\/prizrenpost.com\/al\/?p=19443"},"modified":"2019-02-10T21:54:03","modified_gmt":"2019-02-10T20:54:03","slug":"franca-do-ta-njohe-palestinen-nese-izraeli-pengon-bisedimet-e-paqes","status":"publish","type":"post","link":"https:\/\/prizrenpost.com\/al\/franca-do-ta-njohe-palestinen-nese-izraeli-pengon-bisedimet-e-paqes\/","title":{"rendered":"Franca do ta njoh\u00eb Palestin\u00ebn, n\u00ebse Izraeli pengon bisedimet e paqes"},"content":{"rendered":"<p><img decoding=\"async\" src=\"https:\/\/prizrenpost.com\/al\/wp-content\/uploads\/2016\/01\/laurent-1.jpg\" alt=\"\" width=\"100%\" height=\"\" class=\"alignleft size-full wp-image-52826\" srcset=\"https:\/\/prizrenpost.com\/al\/wp-content\/uploads\/2016\/01\/laurent-1.jpg 910w, https:\/\/prizrenpost.com\/al\/wp-content\/uploads\/2016\/01\/laurent-1-300x150.jpg 300w, https:\/\/prizrenpost.com\/al\/wp-content\/uploads\/2016\/01\/laurent-1-768x384.jpg 768w\" sizes=\"(max-width: 910px) 100vw, 910px\" \/><\/p>\n<p><strong>Paris &#8211; N\u00eb fjalimin e tij diplomati francez Laurent Fabius paralajm\u00ebroi Izraelin se n\u00eb rast se nd\u00ebrpriten bisedimet e paqes, Franca do ta njoh\u00eb zyrtarisht Palestin\u00ebn.<\/strong><\/p>\n<p>Shefi i diplomacis\u00eb franceze Laurent Fabius b\u00ebri me dije se Franca n\u00eb jav\u00ebt e ardhshme do t\u00eb marr\u00eb iniciativ\u00ebn p\u00ebr organizimin e nj\u00eb konference nd\u00ebrkomb\u00ebtare p\u00ebr rinisjen e bisedimeve paq\u00ebsore nd\u00ebrmjet Palestin\u00ebs dhe Izraelit, raporton Anadolu Agency (AA).<\/p>\n<p>Fabius mbr\u00ebm\u00eb u takua me ambasador\u00ebt e huaj n\u00eb Paris. N\u00eb fjalimin e tij diplomati francez paralajm\u00ebroi Izraelin se n\u00eb rast se nd\u00ebrpriten bisedimet e paqes, Franca do ta njoh\u00eb zyrtarisht Palestin\u00ebn.<\/p>\n<p>&#8220;Fatkeq\u00ebsisht Izraeli vazhdon nd\u00ebrtimin e vendbanimeve t\u00eb reja&#8221;, tha Fabius, duke shtuar se &#8220;Nuk mund t\u00eb lejojm\u00eb q\u00eb zgjidhja me dy shtete t\u00eb parandalohet, kjo \u00ebsht\u00eb p\u00ebrgjegj\u00ebsia jon\u00eb si vend an\u00ebtar i p\u00ebrhersh\u00ebm i K\u00ebshillit t\u00eb Sigurimit t\u00eb OKB-s\u00eb.<\/p>\n<p>&#8220;Franca p\u00ebr k\u00ebt\u00eb shkak n\u00eb jav\u00ebt e ardhshme do t\u00eb marr\u00eb iniciativ\u00ebn p\u00ebr organizimin e nj\u00eb konference nd\u00ebrkomb\u00ebtare p\u00ebr rinisjen e bisedimeve t\u00eb paqes. Konferenca do t\u00eb organizohet me pjes\u00ebmarrjen e pal\u00ebve t\u00eb interesuara p\u00ebr zgjidhjen me dy shtete ku do t\u00eb marrin pjes\u00eb edhe aleat\u00ebt tan\u00eb amerikan\u00eb, arab\u00eb dhe evropian\u00eb. N\u00ebse iniciativa jon\u00eb n\u00eb rrug\u00ebn e zgjidhjes do t\u00eb parandalohet, ne mund t\u00eb marrim vendimin ton\u00eb p\u00ebr njohjen e Palestin\u00ebs&#8221;, deklaroi Fabius.<\/p>\n","protected":false},"excerpt":{"rendered":"<p>Paris &#8211; N\u00eb fjalimin e tij diplomati francez Laurent Fabius paralajm\u00ebroi Izraelin se n\u00eb rast se nd\u00ebrpriten bisedimet e paqes, Franca do ta njoh\u00eb zyrtarisht Palestin\u00ebn. Shefi i diplomacis\u00eb franceze Laurent Fabius b\u00ebri me dije se Franca n\u00eb jav\u00ebt e ardhshme do t\u00eb marr\u00eb iniciativ\u00ebn p\u00ebr organizimin e nj\u00eb konference nd\u00ebrkomb\u00ebtare p\u00ebr rinisjen e bisedimeve [&hellip;]<\/p>\n","protected":false},"author":1,"featured_media":52826,"comment_status":"open","ping_status":"open","sticky":false,"template":"","format":"standard","meta":{"footnotes":""},"categories":[33],"tags":[1500,1378,1198],"class_list":["post-19443","post","type-post","status-publish","format-standard","has-post-thumbnail","hentry","category-europe","tag-franca","tag-izraeli","tag-palestina"],"_links":{"self":[{"href":"https:\/\/prizrenpost.com\/al\/wp-json\/wp\/v2\/posts\/19443","targetHints":{"allow":["GET"]}}],"collection":[{"href":"https:\/\/prizrenpost.com\/al\/wp-json\/wp\/v2\/posts"}],"about":[{"href":"https:\/\/prizrenpost.com\/al\/wp-json\/wp\/v2\/types\/post"}],"author":[{"embeddable":true,"href":"https:\/\/prizrenpost.com\/al\/wp-json\/wp\/v2\/users\/1"}],"replies":[{"embeddable":true,"href":"https:\/\/prizrenpost.com\/al\/wp-json\/wp\/v2\/comments?post=19443"}],"version-history":[{"count":0,"href":"https:\/\/prizrenpost.com\/al\/wp-json\/wp\/v2\/posts\/19443\/revisions"}],"wp:featuredmedia":[{"embeddable":true,"href":"https:\/\/prizrenpost.com\/al\/wp-json\/wp\/v2\/media\/52826"}],"wp:attachment":[{"href":"https:\/\/prizrenpost.com\/al\/wp-json\/wp\/v2\/media?parent=19443"}],"wp:term":[{"taxonomy":"category","embeddable":true,"href":"https:\/\/prizrenpost.com\/al\/wp-json\/wp\/v2\/categories?post=19443"},{"taxonomy":"post_tag","embeddable":true,"href":"https:\/\/prizrenpost.com\/al\/wp-json\/wp\/v2\/tags?post=19443"}],"curies":[{"name":"wp","href":"https:\/\/api.w.org\/{rel}","templated":true}]}}