{"id":1948,"date":"2013-09-09T09:25:37","date_gmt":"2013-09-09T07:25:37","guid":{"rendered":"http:\/\/prizrenpost.com\/al\/?p=1948"},"modified":"2020-06-30T23:06:41","modified_gmt":"2020-06-30T21:06:41","slug":"bandat-ne-lufte-per-token-20-milioneshe-afer-prishtines","status":"publish","type":"post","link":"https:\/\/prizrenpost.com\/al\/bandat-ne-lufte-per-token-20-milioneshe-afer-prishtines\/","title":{"rendered":"Bandat n\u00eb luft\u00eb p\u00ebr tok\u00ebn 20 milion\u00ebshe af\u00ebr Prishtin\u00ebs"},"content":{"rendered":"<p><img decoding=\"async\" src=\"https:\/\/prizrenpost.com\/al\/wp-content\/uploads\/2013\/09\/prishtine-.jpg\" alt=\"\" width=\"100%\" height=\"\" class=\"alignleft size-full wp-image-59249\" srcset=\"https:\/\/prizrenpost.com\/al\/wp-content\/uploads\/2013\/09\/prishtine-.jpg 629w, https:\/\/prizrenpost.com\/al\/wp-content\/uploads\/2013\/09\/prishtine--300x175.jpg 300w\" sizes=\"(max-width: 629px) 100vw, 629px\" \/><\/p>\n<p><strong>Prishtin\u00eb, 9 shtator &#8211; Dhjet\u00eb hektar\u00eb tok\u00eb n\u00eb vler\u00eb prej miliona euro n\u00eb rrug\u00ebn kryesore Prishtin\u00eb \u2013 Fush\u00eb Kosov\u00eb jan\u00eb p\u00ebrvet\u00ebsuar n\u00eb m\u00ebnyr\u00eb t\u00eb paligjshme nga ish-komandant\u00eb t\u00eb U\u00c7K-s\u00eb, politikan\u00eb dhe biznesmen\u00eb t\u00eb fuqish\u00ebm me, t\u00eb cil\u00ebt kan\u00eb arritur t\u00eb falsifikojn\u00eb dokumente fal\u00eb lidhjeve t\u00eb tyre t\u00eb fuqishme n\u00eb Gjykata dhe n\u00eb Kadast\u00ebr.<\/strong><\/p>\n<p>P\u00ebr k\u00ebta hektar\u00eb toke shum\u00eb t\u00eb vlefshme financiarisht kan\u00eb hyr\u00eb n\u00eb luft\u00eb dy grupe t\u00eb forta kosovare, t\u00eb cilat synojn\u00eb hise n\u00eb at\u00eb pjes\u00eb.<\/p>\n<p>Pjes\u00ebtar\u00ebt e k\u00ebtyre grupeve, si\u00e7 shkruan \u201cZ\u00ebri\u201d, dikur kan\u00eb qen\u00eb komandant\u00eb e ushtar\u00eb n\u00eb ish-Ushtrin\u00eb \u00c7lirimtare t\u00eb Kosov\u00ebs, me letra false e origjinale e me p\u00ebrpjekje disavje\u00e7are synojn\u00eb t\u00eb marrin at\u00eb tok\u00eb, vlera e s\u00eb cil\u00ebs aktualisht vler\u00ebsohet t\u00eb jet\u00eb rreth nj\u00ebzet milion\u00eb euro. Shum\u00eb padi, k\u00ebrc\u00ebnime, e shantazhe jan\u00eb duke u b\u00ebr\u00eb rreth k\u00ebsaj prone e cila, sipas dokumenteve t\u00eb siguruara nga gazeta, ka qen\u00eb e nd\u00ebrmarrjes shoq\u00ebrore \u201cBujq\u00ebsia\u201d.<\/p>\n<p>P\u00ebr p\u00ebrvet\u00ebsimin e k\u00ebsaj prone m\u00ebsohet se ka pasur nd\u00ebrhyrje t\u00eb njer\u00ebzve t\u00eb fuqish\u00ebm n\u00eb politik\u00eb nd\u00ebrkoh\u00eb q\u00eb lakmia p\u00ebr t\u00eb ka b\u00ebr\u00eb q\u00eb t\u00eb shkrepen arm\u00eb ku jan\u00eb plagosur 13 veta.<\/p>\n","protected":false},"excerpt":{"rendered":"<p>Prishtin\u00eb, 9 shtator &#8211; Dhjet\u00eb hektar\u00eb tok\u00eb n\u00eb vler\u00eb prej miliona euro n\u00eb rrug\u00ebn kryesore Prishtin\u00eb \u2013 Fush\u00eb Kosov\u00eb jan\u00eb p\u00ebrvet\u00ebsuar n\u00eb m\u00ebnyr\u00eb t\u00eb paligjshme nga ish-komandant\u00eb t\u00eb U\u00c7K-s\u00eb, politikan\u00eb dhe biznesmen\u00eb t\u00eb fuqish\u00ebm me, t\u00eb cil\u00ebt kan\u00eb arritur t\u00eb falsifikojn\u00eb dokumente fal\u00eb lidhjeve t\u00eb tyre t\u00eb fuqishme n\u00eb Gjykata dhe n\u00eb Kadast\u00ebr. P\u00ebr k\u00ebta [&hellip;]<\/p>\n","protected":false},"author":1,"featured_media":59249,"comment_status":"open","ping_status":"open","sticky":false,"template":"","format":"standard","meta":{"footnotes":""},"categories":[1],"tags":[1563,1113,36],"class_list":["post-1948","post","type-post","status-publish","format-standard","has-post-thumbnail","hentry","category-lajme","tag-komandantet","tag-prishtine","tag-uck"],"_links":{"self":[{"href":"https:\/\/prizrenpost.com\/al\/wp-json\/wp\/v2\/posts\/1948","targetHints":{"allow":["GET"]}}],"collection":[{"href":"https:\/\/prizrenpost.com\/al\/wp-json\/wp\/v2\/posts"}],"about":[{"href":"https:\/\/prizrenpost.com\/al\/wp-json\/wp\/v2\/types\/post"}],"author":[{"embeddable":true,"href":"https:\/\/prizrenpost.com\/al\/wp-json\/wp\/v2\/users\/1"}],"replies":[{"embeddable":true,"href":"https:\/\/prizrenpost.com\/al\/wp-json\/wp\/v2\/comments?post=1948"}],"version-history":[{"count":1,"href":"https:\/\/prizrenpost.com\/al\/wp-json\/wp\/v2\/posts\/1948\/revisions"}],"predecessor-version":[{"id":59250,"href":"https:\/\/prizrenpost.com\/al\/wp-json\/wp\/v2\/posts\/1948\/revisions\/59250"}],"wp:featuredmedia":[{"embeddable":true,"href":"https:\/\/prizrenpost.com\/al\/wp-json\/wp\/v2\/media\/59249"}],"wp:attachment":[{"href":"https:\/\/prizrenpost.com\/al\/wp-json\/wp\/v2\/media?parent=1948"}],"wp:term":[{"taxonomy":"category","embeddable":true,"href":"https:\/\/prizrenpost.com\/al\/wp-json\/wp\/v2\/categories?post=1948"},{"taxonomy":"post_tag","embeddable":true,"href":"https:\/\/prizrenpost.com\/al\/wp-json\/wp\/v2\/tags?post=1948"}],"curies":[{"name":"wp","href":"https:\/\/api.w.org\/{rel}","templated":true}]}}