{"id":19715,"date":"2016-02-25T13:49:01","date_gmt":"2016-02-25T12:49:01","guid":{"rendered":"https:\/\/prizrenpost.com\/al\/?p=19715"},"modified":"2018-12-23T09:59:17","modified_gmt":"2018-12-23T08:59:17","slug":"kurti-fton-mergaten-ti-bashkohet-protestes","status":"publish","type":"post","link":"https:\/\/prizrenpost.com\/al\/kurti-fton-mergaten-ti-bashkohet-protestes\/","title":{"rendered":"Kurti fton m\u00ebrgat\u00ebn t\u2019i bashkohet protest\u00ebs"},"content":{"rendered":"<p><img decoding=\"async\" src=\"https:\/\/prizrenpost.com\/al\/wp-content\/uploads\/2016\/02\/albini.jpg\" alt=\"\" width=\"100%\" height=\"\" class=\"alignleft size-full wp-image-50722\" srcset=\"https:\/\/prizrenpost.com\/al\/wp-content\/uploads\/2016\/02\/albini.jpg 910w, https:\/\/prizrenpost.com\/al\/wp-content\/uploads\/2016\/02\/albini-300x150.jpg 300w, https:\/\/prizrenpost.com\/al\/wp-content\/uploads\/2016\/02\/albini-768x384.jpg 768w\" sizes=\"(max-width: 910px) 100vw, 910px\" \/><\/p>\n<p><strong>Prishtin\u00eb &#8211; Deputeti i L\u00ebvizjes Vet\u00ebvendosje (LVV), Albin Kurti, n\u00eb emisionin \u201cInfo &#8211; Box\u201d, ka b\u00ebr\u00eb thirrje q\u00eb protest\u00ebs gjith\u00ebpopullore, e cila sipas tij pritet t\u00eb mbahet nes\u00ebr n\u00eb ora 10:00, t\u2019i bashkohet edhe m\u00ebrgata shqiptare.<\/strong><\/p>\n<p>Ai ka th\u00ebn\u00eb se i fton m\u00ebrgimtar\u00ebt t\u00eb vijn\u00eb n\u00eb Kosov\u00eb, sepse \u201ckemi nevoj\u00eb p\u00ebr protest\u00eb t\u00eb fuqishme\u201d.<\/p>\n<p>\u201cI b\u00ebj\u00eb thirrje m\u00ebrgat\u00ebs ton\u00eb q\u00eb t\u2019i hipin avion\u00ebve dhe t\u00eb vijn\u00eb n\u00eb Kosov\u00eb, sepse remitancat e tyre shkojn\u00eb n\u00eb blerje te mallave t\u00eb importit, e m\u00eb pastaj n\u00eb buxhet t\u00eb Kosov\u00ebs, t\u00eb cilin k\u00ebta po e keqp\u00ebrdorin. M\u00ebrgata jon\u00eb e ka vendin k\u00ebtu n\u00eb shesh\u201d, ka theksuar Kurti.<\/p>\n","protected":false},"excerpt":{"rendered":"<p>Prishtin\u00eb &#8211; Deputeti i L\u00ebvizjes Vet\u00ebvendosje (LVV), Albin Kurti, n\u00eb emisionin \u201cInfo &#8211; Box\u201d, ka b\u00ebr\u00eb thirrje q\u00eb protest\u00ebs gjith\u00ebpopullore, e cila sipas tij pritet t\u00eb mbahet nes\u00ebr n\u00eb ora 10:00, t\u2019i bashkohet edhe m\u00ebrgata shqiptare. Ai ka th\u00ebn\u00eb se i fton m\u00ebrgimtar\u00ebt t\u00eb vijn\u00eb n\u00eb Kosov\u00eb, sepse \u201ckemi nevoj\u00eb p\u00ebr protest\u00eb t\u00eb fuqishme\u201d. \u201cI [&hellip;]<\/p>\n","protected":false},"author":1,"featured_media":50722,"comment_status":"open","ping_status":"open","sticky":false,"template":"","format":"standard","meta":{"footnotes":""},"categories":[14],"tags":[877,2418,872],"class_list":["post-19715","post","type-post","status-publish","format-standard","has-post-thumbnail","hentry","category-kombetare","tag-albin-kurti","tag-diaspora","tag-protesta"],"_links":{"self":[{"href":"https:\/\/prizrenpost.com\/al\/wp-json\/wp\/v2\/posts\/19715","targetHints":{"allow":["GET"]}}],"collection":[{"href":"https:\/\/prizrenpost.com\/al\/wp-json\/wp\/v2\/posts"}],"about":[{"href":"https:\/\/prizrenpost.com\/al\/wp-json\/wp\/v2\/types\/post"}],"author":[{"embeddable":true,"href":"https:\/\/prizrenpost.com\/al\/wp-json\/wp\/v2\/users\/1"}],"replies":[{"embeddable":true,"href":"https:\/\/prizrenpost.com\/al\/wp-json\/wp\/v2\/comments?post=19715"}],"version-history":[{"count":0,"href":"https:\/\/prizrenpost.com\/al\/wp-json\/wp\/v2\/posts\/19715\/revisions"}],"wp:featuredmedia":[{"embeddable":true,"href":"https:\/\/prizrenpost.com\/al\/wp-json\/wp\/v2\/media\/50722"}],"wp:attachment":[{"href":"https:\/\/prizrenpost.com\/al\/wp-json\/wp\/v2\/media?parent=19715"}],"wp:term":[{"taxonomy":"category","embeddable":true,"href":"https:\/\/prizrenpost.com\/al\/wp-json\/wp\/v2\/categories?post=19715"},{"taxonomy":"post_tag","embeddable":true,"href":"https:\/\/prizrenpost.com\/al\/wp-json\/wp\/v2\/tags?post=19715"}],"curies":[{"name":"wp","href":"https:\/\/api.w.org\/{rel}","templated":true}]}}