{"id":19947,"date":"2016-03-11T10:46:41","date_gmt":"2016-03-11T09:46:41","guid":{"rendered":"https:\/\/prizrenpost.com\/al\/?p=19947"},"modified":"2018-12-10T10:30:57","modified_gmt":"2018-12-10T09:30:57","slug":"merkel-te-biem-dakord-me-turqine-perndryshe-greqia-smund-ta-perballoje-barren","status":"publish","type":"post","link":"https:\/\/prizrenpost.com\/al\/merkel-te-biem-dakord-me-turqine-perndryshe-greqia-smund-ta-perballoje-barren\/","title":{"rendered":"Merkel: T\u00eb biem dakord me Turqin\u00eb, p\u00ebrndryshe Greqia s&#8217;mund ta p\u00ebrballoj\u00eb barr\u00ebn"},"content":{"rendered":"<p><img decoding=\"async\" src=\"https:\/\/prizrenpost.com\/al\/wp-content\/uploads\/2016\/03\/merkel-davutoglu.jpg\" alt=\"\" width=\"100%\" height=\"\" class=\"alignleft size-full wp-image-49712\" srcset=\"https:\/\/prizrenpost.com\/al\/wp-content\/uploads\/2016\/03\/merkel-davutoglu.jpg 910w, https:\/\/prizrenpost.com\/al\/wp-content\/uploads\/2016\/03\/merkel-davutoglu-300x150.jpg 300w, https:\/\/prizrenpost.com\/al\/wp-content\/uploads\/2016\/03\/merkel-davutoglu-768x384.jpg 768w\" sizes=\"(max-width: 910px) 100vw, 910px\" \/><\/p>\n<p><strong>Berlin &#8211; Kancelarja gjermane, Angela Merkelm deklaroi sot se n\u00eb rast t\u00eb d\u00ebshtimit t\u00eb marr\u00ebveshjes nd\u00ebrmjet Bashkimit Evropian dhe Turqis\u00eb p\u00ebr kriz\u00ebn e emigrant\u00ebve, at\u00ebher\u00eb Greqia nuk do t\u00eb mund ta p\u00ebrballonte e vetme k\u00ebt\u00eb barr\u00eb.<\/strong><\/p>\n<p>Merkel b\u00ebri deklarata t\u00eb r\u00ebnd\u00ebsishme n\u00eb lidhje me rolin e Turqis\u00eb n\u00eb kriz\u00ebn e refugjat\u00ebve gjat\u00eb nj\u00eb interviste p\u00ebr radion shtet\u00ebrore gjermane, &#8220;MDR&#8221;.<\/p>\n<p>Ajo paralajm\u00ebroi se mbyllja e s\u00eb ashtuquajtur\u00ebs &#8220;rruga ballkanike&#8221; nuk e zgjidhte problemin e refugjat\u00ebve dhe se kjo nuk \u00ebsht\u00eb nj\u00eb l\u00ebvizje afatgjat\u00eb apo e q\u00ebndrueshme.<\/p>\n<p>&#8220;Problemi nuk zgjidhet duke marr\u00eb vendime t\u00eb nj\u00ebanshme. N\u00ebse ne do t\u00eb d\u00ebshtojm\u00eb n\u00eb arritjen e nj\u00eb marr\u00ebveshjeje me Turqin\u00eb, at\u00ebher\u00eb Greqia nuk do t\u00eb mund ta p\u00ebrballonte e vetme dhe p\u00ebr nj\u00eb koh\u00eb t\u00eb gjat\u00eb presionin e mb\u00ebrritjes s\u00eb emigrant\u00ebve&#8221;, theksoi ajo.<\/p>\n<p>Nga ana tjet\u00ebr, Peter Altmaier, minist\u00ebr i Kancelaris\u00eb Federale t\u00eb Gjermanis\u00eb, i em\u00ebruar nga Angela Merkel si emri i plotfuqish\u00ebm n\u00eb lidhje me kriz\u00ebn e emigrant\u00ebve, tha se q\u00ebndrimi i Turqis\u00eb rreth k\u00ebsaj \u00e7\u00ebshtjeje \u00ebsht\u00eb m\u00eb evropian sesa ai i shum\u00eb vendeve an\u00ebtare t\u00eb BE-s\u00eb.<\/p>\n","protected":false},"excerpt":{"rendered":"<p>Berlin &#8211; Kancelarja gjermane, Angela Merkelm deklaroi sot se n\u00eb rast t\u00eb d\u00ebshtimit t\u00eb marr\u00ebveshjes nd\u00ebrmjet Bashkimit Evropian dhe Turqis\u00eb p\u00ebr kriz\u00ebn e emigrant\u00ebve, at\u00ebher\u00eb Greqia nuk do t\u00eb mund ta p\u00ebrballonte e vetme k\u00ebt\u00eb barr\u00eb. Merkel b\u00ebri deklarata t\u00eb r\u00ebnd\u00ebsishme n\u00eb lidhje me rolin e Turqis\u00eb n\u00eb kriz\u00ebn e refugjat\u00ebve gjat\u00eb nj\u00eb interviste p\u00ebr [&hellip;]<\/p>\n","protected":false},"author":1,"featured_media":49712,"comment_status":"open","ping_status":"open","sticky":false,"template":"","format":"standard","meta":{"footnotes":""},"categories":[33],"tags":[747,840,1950,311,310],"class_list":["post-19947","post","type-post","status-publish","format-standard","has-post-thumbnail","hentry","category-europe","tag-ahmet-davutoglu","tag-angela-merkel","tag-emigrantet","tag-gjermania","tag-turqia"],"_links":{"self":[{"href":"https:\/\/prizrenpost.com\/al\/wp-json\/wp\/v2\/posts\/19947","targetHints":{"allow":["GET"]}}],"collection":[{"href":"https:\/\/prizrenpost.com\/al\/wp-json\/wp\/v2\/posts"}],"about":[{"href":"https:\/\/prizrenpost.com\/al\/wp-json\/wp\/v2\/types\/post"}],"author":[{"embeddable":true,"href":"https:\/\/prizrenpost.com\/al\/wp-json\/wp\/v2\/users\/1"}],"replies":[{"embeddable":true,"href":"https:\/\/prizrenpost.com\/al\/wp-json\/wp\/v2\/comments?post=19947"}],"version-history":[{"count":0,"href":"https:\/\/prizrenpost.com\/al\/wp-json\/wp\/v2\/posts\/19947\/revisions"}],"wp:featuredmedia":[{"embeddable":true,"href":"https:\/\/prizrenpost.com\/al\/wp-json\/wp\/v2\/media\/49712"}],"wp:attachment":[{"href":"https:\/\/prizrenpost.com\/al\/wp-json\/wp\/v2\/media?parent=19947"}],"wp:term":[{"taxonomy":"category","embeddable":true,"href":"https:\/\/prizrenpost.com\/al\/wp-json\/wp\/v2\/categories?post=19947"},{"taxonomy":"post_tag","embeddable":true,"href":"https:\/\/prizrenpost.com\/al\/wp-json\/wp\/v2\/tags?post=19947"}],"curies":[{"name":"wp","href":"https:\/\/api.w.org\/{rel}","templated":true}]}}