{"id":20024,"date":"2016-03-13T10:11:15","date_gmt":"2016-03-13T09:11:15","guid":{"rendered":"https:\/\/prizrenpost.com\/al\/?p=20024"},"modified":"2018-11-24T23:43:59","modified_gmt":"2018-11-24T22:43:59","slug":"lufta-e-komandanteve","status":"publish","type":"post","link":"https:\/\/prizrenpost.com\/al\/lufta-e-komandanteve\/","title":{"rendered":"Lufta e komandant\u00ebve"},"content":{"rendered":"<p><img decoding=\"async\" src=\"https:\/\/prizrenpost.com\/al\/wp-content\/uploads\/2016\/03\/uck-1.jpg\" alt=\"\" width=\"100%\" height=\"\" class=\"alignleft size-full wp-image-48386\" srcset=\"https:\/\/prizrenpost.com\/al\/wp-content\/uploads\/2016\/03\/uck-1.jpg 640w, https:\/\/prizrenpost.com\/al\/wp-content\/uploads\/2016\/03\/uck-1-300x159.jpg 300w\" sizes=\"(max-width: 640px) 100vw, 640px\" \/><\/p>\n<p><strong>Ish-komandant\u00eb t\u00eb U\u00c7K-s\u00eb ka disa dit\u00eb q\u00eb kan\u00eb kthyer \u201ctytat\u201d kund\u00ebr nj\u00ebri-tjetrit duke shk\u00ebmbyer akuza p\u00ebr vrasje, sabotim, tradhti e pabesi gjat\u00eb luft\u00ebs s\u00eb fundit. N\u00eb diskursin dhe polemikat e tyre kan\u00eb futur edhe Adem Jasharin dhe familjen e tij.<\/strong><\/p>\n<p>Megjith\u00ebse emri i tyre po p\u00ebrdoret, familja Jashari ka zgjedhur t\u00eb hesht\u00eb. Por me rastin e Epopes\u00eb s\u00eb U\u00c7K-s\u00eb ata kan\u00eb shprehur keqardhje q\u00eb 17 vjet pas luft\u00ebs Kosov\u00ebs po i hapen plag\u00eb t\u00eb panevojshme. Sebep p\u00ebr rikthimin e debatit p\u00ebr luft\u00ebn u b\u00eb zgjedhja e ish-drejtuesit t\u00eb lart\u00eb t\u00eb U\u00c7K-s\u00eb, Hashim Tha\u00e7i, n\u00eb krye t\u00eb Presidenc\u00ebs s\u00eb Kosov\u00ebs, shkruan sot \u201cKoha Ditore\u201d.<\/p>\n<p>Protagonist\u00eb dhe njoh\u00ebs t\u00eb rrethanave t\u00eb funksionimit t\u00eb U\u00c7K-s\u00eb kan\u00eb th\u00ebn\u00eb se akuzat e fundit d\u00ebshmojn\u00eb q\u00eb \u201cmotivet e komandant\u00ebve nuk ishin idealet p\u00ebr liri dhe pavar\u00ebsi, por interesat personale\u201d.<\/p>\n<p>Ish-pjes\u00ebtar\u00ebt e U\u00c7K-s\u00eb, Ramiz Lladrovci, Rexhep Selimi, Gani Geci, jan\u00eb futur n\u00eb nj\u00eb luft\u00eb virtuale p\u00ebr t\u00eb b\u00ebmat e tyre gjat\u00eb periudh\u00ebs s\u00eb luft\u00ebs. Nj\u00ebri-tjetrin kan\u00eb akuzuar p\u00ebr tradhti e vendosje kurthesh, me q\u00ebllimin q\u00eb disa luft\u00ebtar\u00eb t\u2019i eliminojn\u00eb edhe fizikisht. Gjith\u00e7ka rrodhi nga Kuvendi i Kosov\u00ebs, n\u00eb seanc\u00ebn ku Hashim Tha\u00e7i u votua p\u00ebr president&#8230;<\/p>\n","protected":false},"excerpt":{"rendered":"<p>Ish-komandant\u00eb t\u00eb U\u00c7K-s\u00eb ka disa dit\u00eb q\u00eb kan\u00eb kthyer \u201ctytat\u201d kund\u00ebr nj\u00ebri-tjetrit duke shk\u00ebmbyer akuza p\u00ebr vrasje, sabotim, tradhti e pabesi gjat\u00eb luft\u00ebs s\u00eb fundit. N\u00eb diskursin dhe polemikat e tyre kan\u00eb futur edhe Adem Jasharin dhe familjen e tij. Megjith\u00ebse emri i tyre po p\u00ebrdoret, familja Jashari ka zgjedhur t\u00eb hesht\u00eb. Por me rastin [&hellip;]<\/p>\n","protected":false},"author":1,"featured_media":48386,"comment_status":"open","ping_status":"open","sticky":false,"template":"","format":"standard","meta":{"footnotes":""},"categories":[1],"tags":[48,36],"class_list":["post-20024","post","type-post","status-publish","format-standard","has-post-thumbnail","hentry","category-lajme","tag-kosove","tag-uck"],"_links":{"self":[{"href":"https:\/\/prizrenpost.com\/al\/wp-json\/wp\/v2\/posts\/20024","targetHints":{"allow":["GET"]}}],"collection":[{"href":"https:\/\/prizrenpost.com\/al\/wp-json\/wp\/v2\/posts"}],"about":[{"href":"https:\/\/prizrenpost.com\/al\/wp-json\/wp\/v2\/types\/post"}],"author":[{"embeddable":true,"href":"https:\/\/prizrenpost.com\/al\/wp-json\/wp\/v2\/users\/1"}],"replies":[{"embeddable":true,"href":"https:\/\/prizrenpost.com\/al\/wp-json\/wp\/v2\/comments?post=20024"}],"version-history":[{"count":0,"href":"https:\/\/prizrenpost.com\/al\/wp-json\/wp\/v2\/posts\/20024\/revisions"}],"wp:featuredmedia":[{"embeddable":true,"href":"https:\/\/prizrenpost.com\/al\/wp-json\/wp\/v2\/media\/48386"}],"wp:attachment":[{"href":"https:\/\/prizrenpost.com\/al\/wp-json\/wp\/v2\/media?parent=20024"}],"wp:term":[{"taxonomy":"category","embeddable":true,"href":"https:\/\/prizrenpost.com\/al\/wp-json\/wp\/v2\/categories?post=20024"},{"taxonomy":"post_tag","embeddable":true,"href":"https:\/\/prizrenpost.com\/al\/wp-json\/wp\/v2\/tags?post=20024"}],"curies":[{"name":"wp","href":"https:\/\/api.w.org\/{rel}","templated":true}]}}