{"id":2016,"date":"2013-09-12T10:47:12","date_gmt":"2013-09-12T08:47:12","guid":{"rendered":"http:\/\/prizrenpost.com\/al\/?p=2016"},"modified":"2020-07-06T15:03:46","modified_gmt":"2020-07-06T13:03:46","slug":"edi-rama-viziten-e-pare-si-kryeminister-e-ben-ne-kosove","status":"publish","type":"post","link":"https:\/\/prizrenpost.com\/al\/edi-rama-viziten-e-pare-si-kryeminister-e-ben-ne-kosove\/","title":{"rendered":"Edi Rama viziten e pare si kryeminister e ben ne Kosov\u00eb"},"content":{"rendered":"<p><img decoding=\"async\" src=\"https:\/\/prizrenpost.com\/al\/wp-content\/uploads\/2013\/09\/edi-rama-hashim-thaci-d.b.-1369812461-11.jpg\" alt=\"\" width=\"100%\" height=\"\" class=\"alignleft size-full wp-image-59278\" srcset=\"https:\/\/prizrenpost.com\/al\/wp-content\/uploads\/2013\/09\/edi-rama-hashim-thaci-d.b.-1369812461-11.jpg 1000w, https:\/\/prizrenpost.com\/al\/wp-content\/uploads\/2013\/09\/edi-rama-hashim-thaci-d.b.-1369812461-11-300x199.jpg 300w, https:\/\/prizrenpost.com\/al\/wp-content\/uploads\/2013\/09\/edi-rama-hashim-thaci-d.b.-1369812461-11-768x510.jpg 768w\" sizes=\"(max-width: 1000px) 100vw, 1000px\" \/><\/p>\n<p><strong>Edi Rama ka vendosur q\u00eb vizit\u00ebn e par\u00eb jasht\u00eb vendit si kryeminist\u00ebr i Shqip\u00ebris\u00eb ta b\u00ebj\u00eb n\u00eb Kosov\u00eb.<\/strong><\/p>\n<p>Rama s\u00eb bashku me nj\u00eb delegacion t\u00eb lart\u00eb nga Republika e Shqip\u00ebris\u00eb do t\u00eb q\u00ebndroj\u00eb nes\u00ebr n\u00eb Kosov\u00eb, ku me nj\u00eb fjal\u00eb rasti do t\u2019i drejtohet edhe Kuvendit t\u00eb Kosov\u00ebs.<\/p>\n<p>Ai pritet t\u00eb takohet me p\u00ebrfaq\u00ebsuesit e institucioneve t\u00eb Kosov\u00ebs, kurse si pjes\u00eb e vizitave deri m\u00eb tani \u00ebsht\u00eb paralajm\u00ebruar edhe ajo q\u00eb ministrja p\u00ebr Inovacione dhe Administrat\u00eb Publike, Milena Harito do t\u00eb b\u00ebj\u00eb n\u00eb Ministrin\u00eb e Administrat\u00ebs Publike, ku do t\u00eb pritet nga ministri Mahir Yagcilar, raporton KosovaPress.<\/p>\n","protected":false},"excerpt":{"rendered":"<p>Edi Rama ka vendosur q\u00eb vizit\u00ebn e par\u00eb jasht\u00eb vendit si kryeminist\u00ebr i Shqip\u00ebris\u00eb ta b\u00ebj\u00eb n\u00eb Kosov\u00eb. Rama s\u00eb bashku me nj\u00eb delegacion t\u00eb lart\u00eb nga Republika e Shqip\u00ebris\u00eb do t\u00eb q\u00ebndroj\u00eb nes\u00ebr n\u00eb Kosov\u00eb, ku me nj\u00eb fjal\u00eb rasti do t\u2019i drejtohet edhe Kuvendit t\u00eb Kosov\u00ebs. Ai pritet t\u00eb takohet me p\u00ebrfaq\u00ebsuesit e [&hellip;]<\/p>\n","protected":false},"author":1,"featured_media":59278,"comment_status":"open","ping_status":"open","sticky":false,"template":"","format":"standard","meta":{"footnotes":""},"categories":[1],"tags":[369,287,864,370],"class_list":["post-2016","post","type-post","status-publish","format-standard","has-post-thumbnail","hentry","category-lajme","tag-edi-rama","tag-kosova","tag-kryeministri","tag-shqiperia"],"_links":{"self":[{"href":"https:\/\/prizrenpost.com\/al\/wp-json\/wp\/v2\/posts\/2016","targetHints":{"allow":["GET"]}}],"collection":[{"href":"https:\/\/prizrenpost.com\/al\/wp-json\/wp\/v2\/posts"}],"about":[{"href":"https:\/\/prizrenpost.com\/al\/wp-json\/wp\/v2\/types\/post"}],"author":[{"embeddable":true,"href":"https:\/\/prizrenpost.com\/al\/wp-json\/wp\/v2\/users\/1"}],"replies":[{"embeddable":true,"href":"https:\/\/prizrenpost.com\/al\/wp-json\/wp\/v2\/comments?post=2016"}],"version-history":[{"count":2,"href":"https:\/\/prizrenpost.com\/al\/wp-json\/wp\/v2\/posts\/2016\/revisions"}],"predecessor-version":[{"id":59279,"href":"https:\/\/prizrenpost.com\/al\/wp-json\/wp\/v2\/posts\/2016\/revisions\/59279"}],"wp:featuredmedia":[{"embeddable":true,"href":"https:\/\/prizrenpost.com\/al\/wp-json\/wp\/v2\/media\/59278"}],"wp:attachment":[{"href":"https:\/\/prizrenpost.com\/al\/wp-json\/wp\/v2\/media?parent=2016"}],"wp:term":[{"taxonomy":"category","embeddable":true,"href":"https:\/\/prizrenpost.com\/al\/wp-json\/wp\/v2\/categories?post=2016"},{"taxonomy":"post_tag","embeddable":true,"href":"https:\/\/prizrenpost.com\/al\/wp-json\/wp\/v2\/tags?post=2016"}],"curies":[{"name":"wp","href":"https:\/\/api.w.org\/{rel}","templated":true}]}}