{"id":20210,"date":"2016-03-24T09:00:16","date_gmt":"2016-03-24T08:00:16","guid":{"rendered":"https:\/\/prizrenpost.com\/al\/?p=20210"},"modified":"2019-02-24T19:43:47","modified_gmt":"2019-02-24T18:43:47","slug":"17-vjetori-i-sulmeve-ajrore-te-nato-s-kunder-serbise","status":"publish","type":"post","link":"https:\/\/prizrenpost.com\/al\/17-vjetori-i-sulmeve-ajrore-te-nato-s-kunder-serbise\/","title":{"rendered":"17 vjetori i sulmeve ajrore t\u00eb NATO-s kund\u00ebr Serbis\u00eb"},"content":{"rendered":"<p><img decoding=\"async\" src=\"https:\/\/prizrenpost.com\/al\/wp-content\/uploads\/2016\/03\/beograd-bombed-by-nato.jpg\" alt=\"\" width=\"100%\" height=\"\" class=\"alignleft size-full wp-image-53524\" srcset=\"https:\/\/prizrenpost.com\/al\/wp-content\/uploads\/2016\/03\/beograd-bombed-by-nato.jpg 800w, https:\/\/prizrenpost.com\/al\/wp-content\/uploads\/2016\/03\/beograd-bombed-by-nato-300x146.jpg 300w, https:\/\/prizrenpost.com\/al\/wp-content\/uploads\/2016\/03\/beograd-bombed-by-nato-768x372.jpg 768w\" sizes=\"(max-width: 800px) 100vw, 800px\" \/><\/p>\n<p><strong>Sot sh\u00ebnohet shtat\u00ebmb\u00ebdhjet\u00eb vjetori i sulmeve ajrore t\u00eb forcave t\u00eb NATO-s kund\u00ebr caqeve serbe n\u00eb Kosov\u00eb dhe n\u00eb Serbi. Sulmet filluan m\u00eb 24 mars t\u00eb vitit 1999, pak para or\u00ebs 20:00, me urdh\u00ebr t\u00eb ish-sekretarit t\u00eb p\u00ebrgjithsh\u00ebm t\u00eb NATO-s, Havier Solana.<\/strong><\/p>\n<p>Bombardimet mbi caqet serbe n\u00eb ish-Jugosllavi, nga aviacioni i NATO-s, sh\u00ebnuan fillimin e p\u00ebrfundimit t\u00eb agonis\u00eb s\u00eb shqiptar\u00ebve t\u00eb Kosov\u00ebs n\u00ebn regjimin e Serbis\u00eb.<\/p>\n<p>Pas 78 dit\u00eb bombardimesh t\u00eb NATO-s, Sllobodan Millosheviqi, n\u00eb at\u00eb koh\u00eb president i Serbis\u00eb, u dor\u00ebzua n\u00eb qershorin e vitit 1999 dhe e pranoi Marr\u00ebveshjen e Kumanov\u00ebs.<\/p>\n<p>Pas bombardimeve u krijuan kushtet p\u00ebr kthimin e shpejt\u00eb t\u00eb rreth 1 milion shqiptar\u00ebve t\u00eb Kosov\u00ebs, t\u00eb cil\u00ebt autoritetet serbe i kishin d\u00ebbuar me dhun\u00eb n\u00eb Maqedoni dhe Shqip\u00ebri, si dhe n\u00eb vendet tjera t\u00eb bot\u00ebs.<\/p>\n<p>Mbi 12 mij\u00eb t\u00eb vrar\u00eb, 2 mij\u00eb persona t\u00eb pagjetur dhe mbi 800 mij\u00eb persona t\u00eb d\u00ebbuar nga Kosova, ishte bilanci n\u00eb njer\u00ebz i konfliktit n\u00eb Kosov\u00eb.<\/p>\n<p>Presidenti i at\u00ebhersh\u00ebm amerikan, Bill Klinton, duke i krahasuar ngjarjet n\u00eb Kosov\u00eb me ato t\u00eb Holokaustit, pati deklaruar se \u201cNATO-ja u dha fund p\u00ebrpjekjeve t\u00eb q\u00ebllimshme dhe sistematike p\u00ebr spastrim etnik dhe gjenocid\u201d.<\/p>\n<p>M\u00eb 10 qershor, K\u00ebshilli i Sigurimit i Kombeve t\u00eb Bashkuara miratoi Rezolut\u00ebn 12 44, me t\u00eb cil\u00ebn vendosi administrat\u00ebn e p\u00ebrkohshme t\u00eb OKB-s\u00eb n\u00eb Kosov\u00eb dhe fuqizoi pranin\u00eb ushtarake t\u00eb KFOR-it.<\/p>\n<p>Misioni paqeruajt\u00ebs i NATO-s, KFOR-i, ende q\u00ebndron n\u00eb Kosov\u00eb dhe ndihmon n\u00eb transformimin e m\u00ebtutjesh\u00ebm t\u00eb Forc\u00ebs s\u00eb Siguris\u00eb s\u00eb Kosov\u00ebs.<\/p>\n<p>Kosova, n\u00eb partneritet me bashk\u00ebsin\u00eb nd\u00ebrkomb\u00ebtare, nd\u00ebrtoi institucionet e saj, t\u00eb cilat m\u00eb 17 shkurt t\u00eb vitit 2008, shpall\u00ebn pavar\u00ebsin\u00eb e Kosov\u00ebs.<\/p>\n","protected":false},"excerpt":{"rendered":"<p>Sot sh\u00ebnohet shtat\u00ebmb\u00ebdhjet\u00eb vjetori i sulmeve ajrore t\u00eb forcave t\u00eb NATO-s kund\u00ebr caqeve serbe n\u00eb Kosov\u00eb dhe n\u00eb Serbi. Sulmet filluan m\u00eb 24 mars t\u00eb vitit 1999, pak para or\u00ebs 20:00, me urdh\u00ebr t\u00eb ish-sekretarit t\u00eb p\u00ebrgjithsh\u00ebm t\u00eb NATO-s, Havier Solana. Bombardimet mbi caqet serbe n\u00eb ish-Jugosllavi, nga aviacioni i NATO-s, sh\u00ebnuan fillimin e p\u00ebrfundimit [&hellip;]<\/p>\n","protected":false},"author":1,"featured_media":53524,"comment_status":"open","ping_status":"open","sticky":false,"template":"","format":"standard","meta":{"footnotes":""},"categories":[33],"tags":[1292,1051],"class_list":["post-20210","post","type-post","status-publish","format-standard","has-post-thumbnail","hentry","category-europe","tag-17-vjetori","tag-nato"],"_links":{"self":[{"href":"https:\/\/prizrenpost.com\/al\/wp-json\/wp\/v2\/posts\/20210","targetHints":{"allow":["GET"]}}],"collection":[{"href":"https:\/\/prizrenpost.com\/al\/wp-json\/wp\/v2\/posts"}],"about":[{"href":"https:\/\/prizrenpost.com\/al\/wp-json\/wp\/v2\/types\/post"}],"author":[{"embeddable":true,"href":"https:\/\/prizrenpost.com\/al\/wp-json\/wp\/v2\/users\/1"}],"replies":[{"embeddable":true,"href":"https:\/\/prizrenpost.com\/al\/wp-json\/wp\/v2\/comments?post=20210"}],"version-history":[{"count":0,"href":"https:\/\/prizrenpost.com\/al\/wp-json\/wp\/v2\/posts\/20210\/revisions"}],"wp:featuredmedia":[{"embeddable":true,"href":"https:\/\/prizrenpost.com\/al\/wp-json\/wp\/v2\/media\/53524"}],"wp:attachment":[{"href":"https:\/\/prizrenpost.com\/al\/wp-json\/wp\/v2\/media?parent=20210"}],"wp:term":[{"taxonomy":"category","embeddable":true,"href":"https:\/\/prizrenpost.com\/al\/wp-json\/wp\/v2\/categories?post=20210"},{"taxonomy":"post_tag","embeddable":true,"href":"https:\/\/prizrenpost.com\/al\/wp-json\/wp\/v2\/tags?post=20210"}],"curies":[{"name":"wp","href":"https:\/\/api.w.org\/{rel}","templated":true}]}}