{"id":20230,"date":"2016-03-26T13:37:26","date_gmt":"2016-03-26T12:37:26","guid":{"rendered":"https:\/\/prizrenpost.com\/al\/?p=20230"},"modified":"2019-01-29T06:53:21","modified_gmt":"2019-01-29T05:53:21","slug":"17-vjetori-i-masakres-se-krushes-se-madhe","status":"publish","type":"post","link":"https:\/\/prizrenpost.com\/al\/17-vjetori-i-masakres-se-krushes-se-madhe\/","title":{"rendered":"17 vjetori i masakr\u00ebs s\u00eb Krush\u00ebs s\u00eb Madhe"},"content":{"rendered":"<p><img decoding=\"async\" src=\"https:\/\/prizrenpost.com\/al\/wp-content\/uploads\/2016\/03\/krusha-e-madhe.jpg\" alt=\"\" width=\"100%\" height=\"\" class=\"alignleft size-full wp-image-51818\" srcset=\"https:\/\/prizrenpost.com\/al\/wp-content\/uploads\/2016\/03\/krusha-e-madhe.jpg 635w, https:\/\/prizrenpost.com\/al\/wp-content\/uploads\/2016\/03\/krusha-e-madhe-300x169.jpg 300w\" sizes=\"(max-width: 635px) 100vw, 635px\" \/><\/p>\n<p><strong>Rahovec &#8211; Familjar\u00eb, p\u00ebrfaq\u00ebsues t\u00eb institucioneve lokale e qendrore kan\u00eb p\u00ebrkujtuar sot 17 vjetorin e masakr\u00ebs n\u00eb Krush\u00ebn e Madhe.<\/strong><\/p>\n<p>N\u00eb k\u00ebt\u00eb p\u00ebrvjetor\u00eb \u00ebsht\u00eb kritikuar EULEX-i, i cili nuk ka arrestuar e d\u00ebnuar asnj\u00eb ekzekutor\u00eb serb\u00eb q\u00eb vran\u00eb dhe masakruan f\u00ebmij\u00eb, gra dhe pleq t\u00eb k\u00ebtij fshati.<\/p>\n<p>Pas vendosjes s\u00eb kurorave me lule, n\u00eb Krush\u00eb t\u00eb Madhe \u00ebsht\u00eb mbajtur nj\u00eb akademi p\u00ebrkujtimore, ku u k\u00ebrkua edhe zbardhja e fatit t\u00eb t\u00eb atyre q\u00eb vazhdojn\u00eb t\u00eb konsiderohen si t\u00eb pagjetur, ku u tha se k\u00ebt\u00eb \u00e7\u00ebshtje e mban peng politika.<\/p>\n","protected":false},"excerpt":{"rendered":"<p>Rahovec &#8211; Familjar\u00eb, p\u00ebrfaq\u00ebsues t\u00eb institucioneve lokale e qendrore kan\u00eb p\u00ebrkujtuar sot 17 vjetorin e masakr\u00ebs n\u00eb Krush\u00ebn e Madhe. N\u00eb k\u00ebt\u00eb p\u00ebrvjetor\u00eb \u00ebsht\u00eb kritikuar EULEX-i, i cili nuk ka arrestuar e d\u00ebnuar asnj\u00eb ekzekutor\u00eb serb\u00eb q\u00eb vran\u00eb dhe masakruan f\u00ebmij\u00eb, gra dhe pleq t\u00eb k\u00ebtij fshati. Pas vendosjes s\u00eb kurorave me lule, n\u00eb Krush\u00eb [&hellip;]<\/p>\n","protected":false},"author":1,"featured_media":51818,"comment_status":"open","ping_status":"open","sticky":false,"template":"","format":"standard","meta":{"footnotes":""},"categories":[14],"tags":[1292,1168,1638,3761],"class_list":["post-20230","post","type-post","status-publish","format-standard","has-post-thumbnail","hentry","category-kombetare","tag-17-vjetori","tag-krimet-serbe","tag-krusha-e-madhe","tag-masakra"],"_links":{"self":[{"href":"https:\/\/prizrenpost.com\/al\/wp-json\/wp\/v2\/posts\/20230","targetHints":{"allow":["GET"]}}],"collection":[{"href":"https:\/\/prizrenpost.com\/al\/wp-json\/wp\/v2\/posts"}],"about":[{"href":"https:\/\/prizrenpost.com\/al\/wp-json\/wp\/v2\/types\/post"}],"author":[{"embeddable":true,"href":"https:\/\/prizrenpost.com\/al\/wp-json\/wp\/v2\/users\/1"}],"replies":[{"embeddable":true,"href":"https:\/\/prizrenpost.com\/al\/wp-json\/wp\/v2\/comments?post=20230"}],"version-history":[{"count":0,"href":"https:\/\/prizrenpost.com\/al\/wp-json\/wp\/v2\/posts\/20230\/revisions"}],"wp:featuredmedia":[{"embeddable":true,"href":"https:\/\/prizrenpost.com\/al\/wp-json\/wp\/v2\/media\/51818"}],"wp:attachment":[{"href":"https:\/\/prizrenpost.com\/al\/wp-json\/wp\/v2\/media?parent=20230"}],"wp:term":[{"taxonomy":"category","embeddable":true,"href":"https:\/\/prizrenpost.com\/al\/wp-json\/wp\/v2\/categories?post=20230"},{"taxonomy":"post_tag","embeddable":true,"href":"https:\/\/prizrenpost.com\/al\/wp-json\/wp\/v2\/tags?post=20230"}],"curies":[{"name":"wp","href":"https:\/\/api.w.org\/{rel}","templated":true}]}}