{"id":20544,"date":"2016-04-09T09:24:49","date_gmt":"2016-04-09T07:24:49","guid":{"rendered":"https:\/\/prizrenpost.com\/al\/?p=20544"},"modified":"2019-02-24T19:07:27","modified_gmt":"2019-02-24T18:07:27","slug":"17-vjetori-i-betejes-se-lavdishme-te-koshares","status":"publish","type":"post","link":"https:\/\/prizrenpost.com\/al\/17-vjetori-i-betejes-se-lavdishme-te-koshares\/","title":{"rendered":"17 vjetori i Betej\u00ebs s\u00eb lavdishme t\u00eb Koshares"},"content":{"rendered":"<p><img decoding=\"async\" src=\"https:\/\/prizrenpost.com\/al\/wp-content\/uploads\/2016\/04\/beteja-e-koshares-1.jpg\" alt=\"\" width=\"100%\" height=\"\" class=\"alignleft size-full wp-image-53479\" srcset=\"https:\/\/prizrenpost.com\/al\/wp-content\/uploads\/2016\/04\/beteja-e-koshares-1.jpg 910w, https:\/\/prizrenpost.com\/al\/wp-content\/uploads\/2016\/04\/beteja-e-koshares-1-300x150.jpg 300w, https:\/\/prizrenpost.com\/al\/wp-content\/uploads\/2016\/04\/beteja-e-koshares-1-768x384.jpg 768w\" sizes=\"(max-width: 910px) 100vw, 910px\" \/><\/p>\n<p><strong>Beteja e Koshares e zhvilluar m\u00eb 9 prill t\u00eb vitit 1999 n\u00eb kuad\u00ebr t\u00eb operacionit \u201cShigjeta\u201d, \u00ebsht\u00eb nj\u00ebra nd\u00ebr m\u00eb t\u00eb p\u00ebrgjakshmet dhe m\u00eb heroiket e luft\u00ebs s\u00eb Ushtris\u00eb \u00c7lirimtare t\u00eb Kosov\u00ebs . Thyerja e kufirit n\u00eb mes t\u00eb Kosov\u00ebs dhe Shqip\u00ebris\u00eb m\u00eb 9 prill t\u00eb \u201899-s\u00eb, sh\u00ebnoi jo vet\u00ebm nj\u00eb fitore morale p\u00ebr U\u00c7K-n\u00eb, por ajo i hapi rrug\u00eb furnizimit me armatim dhe mb\u00ebshtetje logjistike p\u00ebr shum\u00eb zona t\u00eb luft\u00ebs n\u00eb brend\u00ebsi t\u00eb Kosov\u00ebs.<\/strong><\/p>\n<p>Shtat\u00ebmb\u00ebdhjet\u00eb vjet pas, protagonist\u00ebt e gjall\u00eb t\u00eb k\u00ebsaj lufte, i ruajn\u00eb t\u00eb paharruara kujtimet dhe rr\u00ebfejn\u00eb p\u00ebr heroizmin luft\u00ebtar\u00ebve t\u00eb Brigad\u00ebs 138.<\/p>\n<p>P\u00ebrpjekjet p\u00ebr t\u00eb arritur nj\u00eb marr\u00ebveshje q\u00eb forcat serbe t\u00eb t\u00ebrhiqeshin nga territori i Kosov\u00ebs, kishin rezultuar pa sukses. Nd\u00ebrkoh\u00eb, pas Rambujes\u00eb ishte formuar Qeveria e P\u00ebrkohshme e Kosov\u00ebs dhe caqet ushtarake dhe paramilitare serbe ishin sulmuar nga forcat e aleanc\u00ebs veri-atlantike NATO.<\/p>\n<p>Ishte fillim prilli i vitit 1999. P\u00ebr drejtuesit e luft\u00ebs \u00e7lirimtare kjo ishte koha m\u00eb e mir\u00eb p\u00ebr t\u2019i dh\u00ebn\u00eb fund nj\u00ebher\u00eb e p\u00ebrgjithmon\u00eb pushtimit serb n\u00eb Kosov\u00eb dhe ndarjes s\u00eb kombit me kufirin e dhunsh\u00ebm. Kufiri shqiptaro-shqiptar ishte nd\u00ebr pikat m\u00eb strategjike t\u00eb luft\u00ebs dhe konsiderohej arterie e domosdoshme p\u00ebr l\u00ebvizjen e luft\u00ebtar\u00ebve t\u00eb U\u00c7K-s\u00eb.<\/p>\n<p>K\u00ebshtu thot\u00eb ish-komandanti Shtabit t\u00eb P\u00ebrgjithsh\u00ebm t\u00eb U\u00c7K-s\u00eb, Azem Syla, i cili n\u00eb cil\u00ebsin\u00eb e Ministrit t\u00eb Mbrojtjes kishte dh\u00ebn\u00eb urdhrin p\u00ebr fillimin e operacionit p\u00ebr thyerjen e kufirit, i quajtur \u201cOperacioni Shigjeta\u201d shpjegon se si kishin ardhur deri te momenti p\u00ebr t\u00eb marr\u00eb nj\u00eb vendim kaq t\u00eb r\u00ebnd\u00ebsish\u00ebm.<\/p>\n<p>\u201cIshte data 7 prill. U b\u00eb nj\u00eb urdh\u00ebr dhe i d\u00ebrgohej komandantit t\u00eb pik\u00ebs, Rrustem Berisha, i cili e pranon urdhrin. T\u00eb nes\u00ebrmen m\u00eb th\u00ebrret Bislim Zyrapi, shef i Shtabit dhe me thot\u00eb q\u00eb k\u00ebrkesat jan\u00eb t\u00eb shtyhet operacioni p\u00ebr 24 or\u00eb p\u00ebr shkak t\u00eb disa mungesave teknike q\u00eb i nevojiten luft\u00ebs\u201d, kujton Syla.<\/p>\n<p>Komandanti i Batalionit I, Hysen Berisha, thot\u00eb se zhvillimi i Betej\u00ebs s\u00eb Koshares ka ndodhur n\u00eb nj\u00eb koh\u00eb kur Kosova ishte pothuajse n\u00eb nj\u00eb gjendje t\u00eb pa shpres\u00eb, sepse ushtria serbe kishte zbarkuar n\u00eb Koshare me nj\u00eb arsenal t\u00eb t\u00ebr\u00eb ushtarak.<\/p>\n<p>\u201cForcat serbe kishin zbarkuar me t\u00ebr\u00eb arsenalin e armatimit dhe kishin intensifikuar veprimet e tyre deri n\u00eb mas\u00ebn e gjenocidit\u201d, thot\u00eb Hysen Berisha.<\/p>\n<p>N\u00eb aspektin strategjik beteja e Koshares kishte r\u00ebnd\u00ebsi t\u00eb ve\u00e7ant\u00eb jo vet\u00ebm marrjen dhe pastrimin e kufirit por edhe krijimit t\u00eb prapavij\u00ebs s\u00eb q\u00ebndrueshme p\u00ebr mb\u00ebshtetje dhe operacione logjistike, ndihm\u00eb mjek\u00ebsore etj. Komandant i Batalionit II, Fadil Had\u00ebrgjonaj, i cili ka vepruar n\u00eb vendin e quajtur Rrasa e Koshares, thot\u00eb se t\u00eb gjitha fazat e betej\u00ebs jan\u00eb kryer sipas planit dhe me shum\u00eb sukses.<\/p>\n<p>Thyerja e kufirit n\u00eb Koshare jo vet\u00ebm q\u00eb sh\u00ebnoi nj\u00eb fitore t\u00eb madhe morale, por ajo edhe praktikisht mund\u00ebsoi furnizimin e luft\u00ebs me armatim dhe municion. Azem Syla rr\u00ebfen sot p\u00ebr r\u00ebnd\u00ebsin\u00eb strategjike q\u00eb pati thyerja e kufirit n\u00eb Koshare.<\/p>\n<p>\u201cPar\u00ebsore ka qen\u00eb thyerja e kufirit. Ne luft\u00ebn e kemi b\u00ebr\u00eb me furnizime t\u00eb b\u00ebra p\u00ebrmes rrug\u00ebve malore, me v\u00ebshtir\u00ebsi t\u00eb shumta. Andaj, ishte e domosdoshme q\u00eb kjo pi k\u00eb t\u00eb hapej p\u00ebr l\u00ebvizjen e ushtareve, furnizim dhe shum\u00eb begati q\u00eb kishte ajo pik\u00eb\u201d, thot\u00eb Syla.<\/p>\n<p>Heqja me luft\u00eb e kufirit mes Kosov\u00ebs dhe Shqip\u00ebris\u00eb kishte edhe r\u00ebnd\u00ebsin\u00eb juridike n\u00eb t\u00eb drejt\u00ebn nd\u00ebrkomb\u00ebtare. Kjo pamund\u00ebsonte kontrollin e forcave serbe mbi territorin q\u00eb ndante n\u00eb mes nj\u00eb komb t\u00eb vet\u00ebm, shuante ndikimin e dhunsh\u00ebm shtet\u00ebror dhe integritetin territorial t\u00eb pretenduar.<\/p>\n<p>Hysen Berisha, komandant i Batalionit I, sqaron se forcat serbe kishin b\u00ebr\u00eb p\u00ebrpjekje t\u00eb vazhdueshme q\u00eb ta rikthenin kontrollin n\u00eb at\u00eb pjes\u00eb, por kurr\u00eb m\u00eb nuk ia kishin dal\u00eb. Kjo, thot\u00eb ai, tregon edhe fundin e zhb\u00ebrjes s\u00eb Jugosllavis\u00eb si shtet.<\/p>\n<p>Beteja e Koshares m\u00eb 9 prill t\u00eb vitit 1999 mbetet nj\u00eb nga p\u00ebrballjet e suksesshme t\u00eb forcave t\u00eb U\u00c7K-s\u00eb jo vet\u00ebm p\u00ebr bilancin e t\u00eb vrar\u00ebve nga pala e armikut, por dhe me efektin q\u00eb pati ky sukses n\u00eb forcimin e besimit t\u00eb popullsis\u00eb s\u00eb zon\u00ebs tek U\u00c7K-ja dhe aleat\u00ebt e saj. Kjo betej\u00eb u b\u00eb motiv p\u00ebr shtimin e radh\u00ebve t\u00eb vullnetar\u00ebve q\u00eb i bashkoheshin U\u00c7K-s\u00eb n\u00eb front.<\/p>\n<p>Besim Mahmuti, komandant Toge n\u00eb vij\u00ebn e frontit n\u00eb Rras\u00eb t\u00eb Koshares, rr\u00ebfen se kishte nj\u00eb koordinim dhe nj\u00eb bashk\u00ebpunim t\u00eb mir\u00ebfillt\u00eb n\u00eb mes t\u00eb ushtar\u00ebve dhe epror\u00ebve t\u00eb tyre.<\/p>\n<p>Triumfi i luft\u00ebtar\u00ebve nga mbar\u00eb trojet e Kosov\u00ebs, t\u00eb bashkuar n\u00eb Brigad\u00ebn 138, n\u00eb krye t\u00eb s\u00eb cil\u00ebs ishte komandanti Agim Ramadani, b\u00ebri q\u00eb t\u00eb shembet muri gati nj\u00ebqindvje\u00e7ar i v\u00ebn\u00eb n\u00eb mes t\u00eb Kosov\u00ebs dhe Shqip\u00ebris\u00eb. Prandaj ish-luft\u00ebtar\u00ebt e k\u00ebsaj beteje, luft\u00ebn kund\u00ebr forcave ushtarake e policore serbe n\u00eb Koshare e konsiderojn\u00eb si nj\u00eb betej\u00eb historike t\u00eb luft\u00ebs s\u00eb U\u00c7K-s\u00eb.<\/p>\n<p>Beteja e Koshares ishte nj\u00ebra nd\u00ebr hallkat m\u00eb t\u00eb fuqishme n\u00eb zinxhirin e pak\u00ebputsh\u00ebm t\u00eb historis\u00eb komb\u00ebtare dhe si e till\u00eb do t\u00eb p\u00ebrkujtohet gjithmon\u00eb nd\u00ebr shqiptar\u00eb. N\u00eb Parkun e D\u00ebshmor\u00ebve n\u00eb Koshare sot prehen trupat e 114 d\u00ebshmor\u00ebve t\u00eb kombit, tre prej tyre heronj t\u00eb Kosov\u00ebs: Agim Ramadani, Sali \u00c7ekaj dhe Abaz Tha\u00e7i.<\/p>\n<p>P\u00ebr ta kujtuar k\u00ebt\u00eb dit\u00eb, kryeministri Isa Mustafa, sot b\u00ebn homazhe te varrezat e d\u00ebshmor\u00ebve n\u00eb kuad\u00ebr t\u00eb Manifestimit Tradicional \u201cDit\u00ebt e Shqipes\u201d, p\u00ebr nder t\u00eb betej\u00ebs s\u00eb Koshares.<\/p>\n<p>Ai do t\u00eb merr pjes\u00eb edhe n\u00eb Tubimin P\u00ebrkujtimor p\u00ebr nder t\u00eb betej\u00ebs s\u00eb Koshares.<\/p>\n<p><iframe loading=\"lazy\" width=\"560\" height=\"315\" src=\"https:\/\/www.youtube.com\/embed\/bDWXVf9e0qU\" frameborder=\"0\" allowfullscreen><\/iframe><\/p>\n<p><iframe loading=\"lazy\" width=\"420\" height=\"315\" src=\"https:\/\/www.youtube.com\/embed\/-lfxSqCQ04U\" frameborder=\"0\" allowfullscreen><\/iframe><\/p>\n<p><iframe loading=\"lazy\" src=\"https:\/\/player.vimeo.com\/video\/56282943\" width=\"500\" height=\"289\" frameborder=\"0\" webkitallowfullscreen mozallowfullscreen allowfullscreen><\/iframe><\/p>\n<p><iframe loading=\"lazy\" width=\"420\" height=\"315\" src=\"https:\/\/www.youtube.com\/embed\/tRXZoYmvBCI\" frameborder=\"0\" allowfullscreen><\/iframe><\/p>\n","protected":false},"excerpt":{"rendered":"<p>Beteja e Koshares e zhvilluar m\u00eb 9 prill t\u00eb vitit 1999 n\u00eb kuad\u00ebr t\u00eb operacionit \u201cShigjeta\u201d, \u00ebsht\u00eb nj\u00ebra nd\u00ebr m\u00eb t\u00eb p\u00ebrgjakshmet dhe m\u00eb heroiket e luft\u00ebs s\u00eb Ushtris\u00eb \u00c7lirimtare t\u00eb Kosov\u00ebs . Thyerja e kufirit n\u00eb mes t\u00eb Kosov\u00ebs dhe Shqip\u00ebris\u00eb m\u00eb 9 prill t\u00eb \u201899-s\u00eb, sh\u00ebnoi jo vet\u00ebm nj\u00eb fitore morale p\u00ebr U\u00c7K-n\u00eb, [&hellip;]<\/p>\n","protected":false},"author":1,"featured_media":53479,"comment_status":"open","ping_status":"open","sticky":false,"template":"","format":"standard","meta":{"footnotes":""},"categories":[14],"tags":[1292,1716,36],"class_list":["post-20544","post","type-post","status-publish","format-standard","has-post-thumbnail","hentry","category-kombetare","tag-17-vjetori","tag-beteja-e-koshares","tag-uck"],"_links":{"self":[{"href":"https:\/\/prizrenpost.com\/al\/wp-json\/wp\/v2\/posts\/20544","targetHints":{"allow":["GET"]}}],"collection":[{"href":"https:\/\/prizrenpost.com\/al\/wp-json\/wp\/v2\/posts"}],"about":[{"href":"https:\/\/prizrenpost.com\/al\/wp-json\/wp\/v2\/types\/post"}],"author":[{"embeddable":true,"href":"https:\/\/prizrenpost.com\/al\/wp-json\/wp\/v2\/users\/1"}],"replies":[{"embeddable":true,"href":"https:\/\/prizrenpost.com\/al\/wp-json\/wp\/v2\/comments?post=20544"}],"version-history":[{"count":0,"href":"https:\/\/prizrenpost.com\/al\/wp-json\/wp\/v2\/posts\/20544\/revisions"}],"wp:featuredmedia":[{"embeddable":true,"href":"https:\/\/prizrenpost.com\/al\/wp-json\/wp\/v2\/media\/53479"}],"wp:attachment":[{"href":"https:\/\/prizrenpost.com\/al\/wp-json\/wp\/v2\/media?parent=20544"}],"wp:term":[{"taxonomy":"category","embeddable":true,"href":"https:\/\/prizrenpost.com\/al\/wp-json\/wp\/v2\/categories?post=20544"},{"taxonomy":"post_tag","embeddable":true,"href":"https:\/\/prizrenpost.com\/al\/wp-json\/wp\/v2\/tags?post=20544"}],"curies":[{"name":"wp","href":"https:\/\/api.w.org\/{rel}","templated":true}]}}