{"id":20565,"date":"2016-04-10T09:47:09","date_gmt":"2016-04-10T07:47:09","guid":{"rendered":"https:\/\/prizrenpost.com\/al\/?p=20565"},"modified":"2018-12-08T11:20:02","modified_gmt":"2018-12-08T10:20:02","slug":"17-vjet-nga-renia-e-agim-ramadanit","status":"publish","type":"post","link":"https:\/\/prizrenpost.com\/al\/17-vjet-nga-renia-e-agim-ramadanit\/","title":{"rendered":"17 vjet nga r\u00ebnia e Agim Ramadanit"},"content":{"rendered":"<p><img decoding=\"async\" src=\"https:\/\/prizrenpost.com\/al\/wp-content\/uploads\/2016\/04\/agim-ramadani.png\" alt=\"\" width=\"100%\" height=\"\" class=\"alignleft size-full wp-image-49380\" srcset=\"https:\/\/prizrenpost.com\/al\/wp-content\/uploads\/2016\/04\/agim-ramadani.png 460w, https:\/\/prizrenpost.com\/al\/wp-content\/uploads\/2016\/04\/agim-ramadani-300x222.png 300w\" sizes=\"(max-width: 460px) 100vw, 460px\" \/><\/p>\n<p><strong>Sot b\u00ebhen 17 vjet nga r\u00ebnia e luft\u00ebtarit dhe heroit Agim Ramadani, i cili gjat\u00eb luft\u00ebs u d\u00ebshmua si strateg i lart\u00eb dhe udh\u00ebheq\u00ebs i dashur p\u00ebr ushtar\u00ebt. Ishte nj\u00ebri nd\u00ebr hartuesit e planit p\u00ebr thyerjen e kufirit shqiptaro-shqiptar, gj\u00eb t\u00eb cil\u00ebn edhe e b\u00ebri bashk\u00eb me shok\u00ebt e vet.<\/strong><\/p>\n<p>M\u00eb posht\u00eb po ua sjellim nj\u00eb historik t\u00eb shkurt\u00ebr rreth Betej\u00ebs s\u00eb Koshares dhe r\u00ebnies s\u00eb heroit Agim Ramadani.<\/p>\n<blockquote><p>M\u2019u shtershin syt\u00eb n\u00ebse pushoj<\/p>\n<p>lirin\u00eb t\u00ebnde me \u00ebnd\u00ebrrue<\/p>\n<p>mallkue qoft\u00eb gjaku im,<\/p>\n<p>n\u00ebse m\u2019vrasin pa luftue.<\/p><\/blockquote>\n<p>K\u00ebto jan\u00eb vargjet e poezis\u00eb \u201cLiria\u201d, q\u00eb Agim Ramadani pat shkruar n\u00eb dit\u00ebt e tij t\u00eb fundit, para se t\u00eb vdiste.<\/p>\n<p>Pal\u00ebt n\u00eb k\u00ebt\u00eb betej\u00eb kan\u00eb qen\u00eb t\u00eb pabarabarta, por U\u00c7K-ja ka pasur p\u00ebrpar\u00ebsi strategjike, pasi beteja \u00ebsht\u00eb zhvilluar n\u00eb kufirin me Shqip\u00ebrin\u00eb. Pik\u00ebrisht p\u00ebr k\u00ebt\u00eb arsye, ajo njihet edhe si ngjarja q\u00eb theu kufirin shqiptaro-shqiptar.<\/p>\n<p>Pas nj\u00eb beteje t\u00eb ashp\u00ebr, U\u00c7K-ja arriti t\u00eb krijoj\u00eb avantazhe dhe t\u00eb d\u00ebboj\u00eb e t\u00eb zmbraps\u00eb ushtrin\u00eb jugosllave. P\u00ebr 70 dit\u00eb radhazi n\u00eb luftimet e p\u00ebrditshme, Brigada 131 \u201cAgim Ramadani\u201d, nga radh\u00ebt e veta kishte humbur 140 luft\u00ebtar\u00eb.<\/p>\n<p>Beteja ka thyer kufirin Kosov\u00eb-Shqip\u00ebri, gj\u00eb q\u00eb sipas ish-luft\u00ebtar\u00ebve ishte nj\u00eb korridor i r\u00ebnd\u00ebsish\u00ebm p\u00ebr Ushtrin\u00eb \u00c7lirimtare t\u00eb Kosov\u00ebs.<\/p>\n<p>Agim Ramadani lindi n\u00eb fshatin Zheg\u00ebr t\u00eb komun\u00ebs s\u00eb Gjilanit, m\u00eb 3 maj t\u00eb vitit 1963. Shkollimin fillor e kreu n\u00eb vendlindje, t\u00eb mesmen shkoll\u00ebn teknike n\u00eb Gjilan n\u00eb vitin 1980, nd\u00ebrsa Akademin\u00eb ushtarake-drejtimi i komunikacionit n\u00eb Zagreb t\u00eb Kroacis\u00eb.<\/p>\n<p>Me poezi dhe piktur\u00eb \u00ebsht\u00eb marr\u00eb q\u00eb nga shkollimi i mes\u00ebm. P\u00ebrderisa poezit\u00eb e tij, sa ishte gjall\u00eb i mbet\u00ebn t\u00eb shp\u00ebrndara n\u00ebp\u00ebr revista t\u00eb ndryshme e n\u00eb dor\u00ebshkrim, si piktor organizoi ekspozita kolektive e personale n\u00eb Kroaci, ku punoi si ushtarak e n\u00eb Zvic\u00ebr, ku jetoj si emigrant politik, meq\u00eb me fillimin e luft\u00ebs n\u00eb Kroaci, ai braktisi ish Armat\u00ebn Jugosllave ku punonte si oficer. N\u00eb vitin 1998 pranohet an\u00ebtar\u00eb nderi n\u00eb Akademin\u00eb Evropiane t\u00eb Arteve.<\/p>\n<p>Ndon\u00ebse kishte t\u00eb rregulluar statusin e emigrantit, Agim Ramadani n\u00eb vitin 1998, iu p\u00ebrgjigj thirrjes s\u00eb atdheut dhe u inkuadrua n\u00eb radh\u00ebt e Ushtris\u00eb \u00c7lirimtare t\u00eb Kosov\u00ebs, duke l\u00ebn\u00eb n\u00eb Zvic\u00ebr tre f\u00ebmij\u00eb dhe gruan.<\/p>\n<p>Gjat\u00eb luft\u00ebs u d\u00ebshmua si strateg i lart\u00eb dhe udh\u00ebheq\u00ebs i dashur p\u00ebr ushtar\u00ebt. Ishte nj\u00ebri nd\u00ebr hartuesit e planit p\u00ebr thyerjen e kufirit shqiptaro-shqiptar, gj\u00eb t\u00eb cil\u00ebn edhe e b\u00ebri bashk\u00eb me shok\u00ebt e vet. Ishte i pari q\u00eb shkuli gurin-piramid\u00ebn-kufitare n\u00eb Koshare. Pas thyerjes s\u00eb k\u00ebtij kufiri, n\u00eb pjes\u00ebn e Kosov\u00ebs, tek vendi i quajtur Rrasa e Zogut, ai ra heroikisht- duke mos vdekur kurr\u00eb. Njihet me emrin konspirativ-Katana.<\/p>\n<p>Llogaritet si nj\u00eb nga heronjt\u00eb m\u00eb t\u00eb njohur t\u00eb historis\u00eb s\u00eb re shqiptare. N\u00eb Gjilan para Teatrit Komb\u00ebtar i \u00ebsht\u00eb ngritur nj\u00eb shtatore, n\u00eb t\u00eb cil\u00ebn jan\u00eb komponuar t\u00eb gjitha elementet artistike dhe luftarake t\u00eb Agim Ramadanit-Katan\u00ebs. \u00cbsht\u00eb p\u00ebrfaq\u00ebsuar n\u00eb disa leksikone dhe antologji t\u00eb shkrimtar\u00ebve shqiptar\u00eb, t\u00eb botuara pas vitit 2000.<\/p>\n<p>Agimi la pas vetes tre pasardh\u00ebs, djemt\u00eb Jetonin dhe Edonin, si dhe vajz\u00ebn Laurin\u00ebn.<\/p>\n<p><iframe loading=\"lazy\" width=\"100%\" height=\"545\" src=\"https:\/\/www.youtube.com\/embed\/ckPnxU71n3A\" frameborder=\"0\" allowfullscreen><\/iframe><\/p>\n","protected":false},"excerpt":{"rendered":"<p>Sot b\u00ebhen 17 vjet nga r\u00ebnia e luft\u00ebtarit dhe heroit Agim Ramadani, i cili gjat\u00eb luft\u00ebs u d\u00ebshmua si strateg i lart\u00eb dhe udh\u00ebheq\u00ebs i dashur p\u00ebr ushtar\u00ebt. Ishte nj\u00ebri nd\u00ebr hartuesit e planit p\u00ebr thyerjen e kufirit shqiptaro-shqiptar, gj\u00eb t\u00eb cil\u00ebn edhe e b\u00ebri bashk\u00eb me shok\u00ebt e vet. M\u00eb posht\u00eb po ua sjellim [&hellip;]<\/p>\n","protected":false},"author":1,"featured_media":49380,"comment_status":"open","ping_status":"open","sticky":false,"template":"","format":"standard","meta":{"footnotes":""},"categories":[14],"tags":[1292,1718],"class_list":["post-20565","post","type-post","status-publish","format-standard","has-post-thumbnail","hentry","category-kombetare","tag-17-vjetori","tag-agim-ramadani"],"_links":{"self":[{"href":"https:\/\/prizrenpost.com\/al\/wp-json\/wp\/v2\/posts\/20565","targetHints":{"allow":["GET"]}}],"collection":[{"href":"https:\/\/prizrenpost.com\/al\/wp-json\/wp\/v2\/posts"}],"about":[{"href":"https:\/\/prizrenpost.com\/al\/wp-json\/wp\/v2\/types\/post"}],"author":[{"embeddable":true,"href":"https:\/\/prizrenpost.com\/al\/wp-json\/wp\/v2\/users\/1"}],"replies":[{"embeddable":true,"href":"https:\/\/prizrenpost.com\/al\/wp-json\/wp\/v2\/comments?post=20565"}],"version-history":[{"count":0,"href":"https:\/\/prizrenpost.com\/al\/wp-json\/wp\/v2\/posts\/20565\/revisions"}],"wp:featuredmedia":[{"embeddable":true,"href":"https:\/\/prizrenpost.com\/al\/wp-json\/wp\/v2\/media\/49380"}],"wp:attachment":[{"href":"https:\/\/prizrenpost.com\/al\/wp-json\/wp\/v2\/media?parent=20565"}],"wp:term":[{"taxonomy":"category","embeddable":true,"href":"https:\/\/prizrenpost.com\/al\/wp-json\/wp\/v2\/categories?post=20565"},{"taxonomy":"post_tag","embeddable":true,"href":"https:\/\/prizrenpost.com\/al\/wp-json\/wp\/v2\/tags?post=20565"}],"curies":[{"name":"wp","href":"https:\/\/api.w.org\/{rel}","templated":true}]}}