{"id":20715,"date":"2016-04-15T17:48:49","date_gmt":"2016-04-15T15:48:49","guid":{"rendered":"https:\/\/prizrenpost.com\/al\/?p=20715"},"modified":"2019-02-08T00:14:24","modified_gmt":"2019-02-07T23:14:24","slug":"lajm-i-keq-per-uzurpatoret-e-pronave-shteterore-prokuroria-nis-hetimet","status":"publish","type":"post","link":"https:\/\/prizrenpost.com\/al\/lajm-i-keq-per-uzurpatoret-e-pronave-shteterore-prokuroria-nis-hetimet\/","title":{"rendered":"Lajm i keq p\u00ebr uzurpator\u00ebt e pronave shtet\u00ebrore-prokuroria nis hetimet"},"content":{"rendered":"<p><img decoding=\"async\" src=\"https:\/\/prizrenpost.com\/al\/wp-content\/uploads\/2016\/04\/prishtina.jpg\" alt=\"\" width=\"100%\" height=\"\" class=\"alignleft size-full wp-image-52743\" srcset=\"https:\/\/prizrenpost.com\/al\/wp-content\/uploads\/2016\/04\/prishtina.jpg 633w, https:\/\/prizrenpost.com\/al\/wp-content\/uploads\/2016\/04\/prishtina-300x164.jpg 300w\" sizes=\"(max-width: 633px) 100vw, 633px\" \/><\/p>\n<p>Ata q\u00eb p\u00ebr 17 vjet uzurpuan pronat shtet\u00ebrore do t\u00eb jen\u00eb subjekt i hetimit nga Prokuroria Speciale. Rastet e tyre, prokuroria e shtetit ka nisur t\u2019i hetoj\u00eb disa jav\u00eb pasi Agjencioni Kosovar p\u00ebr Privatizim publikoi listat me emra dhe nd\u00ebrmarrje q\u00eb funksionojn\u00eb n\u00eb hap\u00ebsira t\u00eb z\u00ebna pa qen\u00eb pronar\u00eb legjitim t\u00eb tyre, q\u00eb nga vitet e para t\u00eb pas luft\u00ebs.<br \/>\nSipas AKP\u2019s\u00eb, jan\u00eb afro 200 prona publike t\u00eb uzurpuara. N\u00eb prokurori kan\u00eb konfirmuar p\u00ebr Gazet\u00ebn Express se t\u00eb gjitha rastet dhe personat e p\u00ebrfshir\u00eb jan\u00eb n\u00ebn hetime.<\/p>\n<p>Me pronat e uzurpuara dhe me uzurpator\u00ebt, t\u00eb cil\u00ebt q\u00eb nga paslufta kan\u00eb shfryt\u00ebzuar paligjsh\u00ebm, toka, lokale e banesa, ka filluar t\u00eb merret shteti.<\/p>\n<p>Pas publikimit t\u00eb listave me emrat e uzurpator\u00ebve nga Agjencia Kosovare e Privatizimit,jan\u00eb b\u00ebr\u00eb thirrje q\u00eb organet shtet\u00ebrore t\u00eb nisin hetimet. <\/p>\n<p>N\u00eb prokurorin\u00eb e shtetit thon\u00eb se tashm\u00eb jan\u00eb duke e b\u00ebr\u00eb k\u00ebt\u00eb. <\/p>\n<p>\u201cJu informoj se Prokuroria Themelore n\u00eb Prishtin\u00eb ka filluar hetimet preliminare lidhur me k\u00ebto raste dhe te gjith\u00eb personat-rastet pa asnj\u00eb p\u00ebrjashtim, jan\u00eb ne faz\u00ebn e hetimit\u201d, ka th\u00ebn\u00eb Liridon\u00eb Kozmaqi -Hajdaraj, z\u00ebdh\u00ebn\u00ebse n\u00eb Prokurorin\u00eb Speciale n\u00eb p\u00ebrgjigjet p\u00ebr Gazet\u00ebn Express.<\/p>\n<p>Mir\u00ebpo, ajo nuk ka treguar edhe shum\u00eb detaje p\u00ebr rastet q\u00eb po hetohen. <\/p>\n<p>\u201cP\u00ebr shkak se jemi n\u00eb faz\u00ebn e hetimeve dhe p\u00ebr shkak t\u00eb mos d\u00ebmtimit te hetimeve k\u00ebto jan\u00eb informacionet q\u00eb mund t\u2019jua ofrojm\u00eb\u201d, ka th\u00ebn\u00eb p\u00ebr Express Kozmaqi-Hajdaraj.<\/p>\n<p>Se shteti duhet t\u00eb merret m\u00eb personat q\u00eb kan\u00eb uzurpuara pronat publike e pat\u00eb th\u00ebn\u00eb edhe drejtori i AKP\u2019s\u00eb, Petrit Gashi.<\/p>\n<p>\u201cGjyq\u00ebsori e ka k\u00ebt\u00eb detyr\u00eb q\u00eb t`i ndjek\u00eb k\u00ebt\u00eb uzurpator\u00eb\u201d, pati dh\u00ebn\u00eb ai.<\/p>\n<p>E njoh\u00ebsi i ekonomis\u00eb, Ibrahim Rexhepi, ka th\u00ebn\u00eb p\u00ebr Express se AKP-ja me publikimin listave d\u00ebshmoi nj\u00eb fakt tjet\u00ebr shqet\u00ebsues &#8211; ajo e ka ditur se cilat prona i ka t\u00eb uzurpuara, kush jan\u00eb uzurpatoret dhe asgj\u00eb nuk ka nd\u00ebrmarre p\u00ebr lirimin e tyre.<\/p>\n<p>\u201cPra, AKP-ja ka bashk\u00ebjetuar me uzurpatoret dhe p\u00ebr ket\u00eb duhet te mbaje p\u00ebrgjegj\u00ebsi\u201d, ka th\u00ebn\u00eb Rexhepi. <\/p>\n<p>Ai ka th\u00ebn\u00eb se duhet gjithsesi t\u00eb nis procedura e lirimit t\u00eb k\u00ebtyre pasurive dhe pronave. <\/p>\n<p>\u201c&#8230; dhe t\u00eb hapet procedura gjyq\u00ebsore ndaj uzurpatoreve p\u00ebr uzurpim dhe shfryt\u00ebzim t\u00eb paligjsh\u00ebm t\u00eb pron\u00ebs shoq\u00ebrore, si edhe kompensimin e d\u00ebmeve p\u00ebr vitet q\u00eb kan\u00eb pasur n\u00eb shfryt\u00ebzim t\u00eb paligjsh\u00ebm. Pra kompensimi i fitimit t\u00eb humbur p\u00ebr shkak se dikujt i \u00ebsht\u00eb pamund\u00ebsuar shfryt\u00ebzimi legal i pasuris\u00eb\u201d, ka th\u00ebn\u00eb ai.<\/p>\n<p>Rexhepi ka treguar se shteti- qeveria nuk duhet t\u00eb nd\u00ebrhyj\u00eb n\u00eb ket\u00eb proces, meqen\u00ebse kjo \u00ebsht\u00eb p\u00ebrgjegj\u00ebsi e AKP-se, si agjencion i pavarur. <\/p>\n<p>Kurse Ehat Miftaraj, hulumtues i lart\u00eb n\u00eb Institutin e Kosov\u00ebs p\u00ebr Drejt\u00ebsi, ka th\u00ebn\u00eb p\u00ebr Express se prokurori i Shtetit me ligj \u00ebsht\u00eb i obliguar t\u00eb nd\u00ebrmarr\u00eb veprime t\u00eb menj\u00ebhershme, t\u00eb zhvilloj\u00eb hetime dhe filloj\u00eb me procedurat penale ndaj \u00e7do personi t\u00eb dyshuar p\u00ebr p\u00ebrfshirje n\u00eb veprimtari kriminale.<\/p>\n<p>\u201cShteti, respektivisht Prokurori i Shtetit duhet pa vones\u00eb q\u00eb n\u00eb pajtim me Agjencin\u00eb Kosovare t\u00eb Pron\u00ebs, me agjencit\u00eb tjera q\u00eb zbatojn\u00eb ligjin t\u00eb bashk\u00ebpunojn\u00eb dhe koordinojn\u00eb aktivitetet p\u00ebr t\u00eb identifikuar n\u00eb radh\u00eb t\u00eb par\u00eb, kryesit e k\u00ebsaj vepre penale, p\u00ebr t\u00eb filluar me hetime dhe procedura penale ndaj tyre, t\u00eb b\u00ebjn\u00eb nj\u00eb vler\u00ebsim t\u00eb d\u00ebmit q\u00eb i \u00ebsht\u00eb shkaktuar shtetit nga k\u00ebta persona, n\u00eb koordinimin dhe agjenci dhe institucione publike dhe private t\u00eb specializuara t\u00eb b\u00ebjn\u00eb nj\u00eb vler\u00ebsim t\u00eb dobis\u00eb pasurore q\u00eb individ\u00eb apo biznese t\u00eb caktuar kan\u00eb p\u00ebrfituar p\u00ebrmes kryerjes s\u00eb k\u00ebsaj vepre penale dhe gjat\u00eb procedur\u00ebs penale t\u00eb k\u00ebrkohet q\u00eb t\u00ebr\u00eb dobia pasurore e fituar me vep\u00ebr penale t\u00eb konfiskohet dhe t\u00eb i kthehet shtetit\u201d, ka th\u00ebn\u00eb ai. <\/p>\n<p>Miftaraj, ka th\u00ebn\u00eb se p\u00ebr t\u00eb k\u00ebto veprime, n\u00eb radh\u00eb t\u00eb par\u00eb duhet t\u00eb gjendet vullneti dhe p\u00ebrkushtimi i organeve t\u00eb ndjekjes p\u00ebr t\u00eb luftuar, ndjekur dhe mbajtur penalisht p\u00ebrgjegj\u00ebs personat q\u00eb kan\u00eb vepruar n\u00eb kund\u00ebrshtim me ligj. <\/p>\n<p>\u201c&#8230;dhe q\u00eb gjat\u00eb hetimit dhe zhvillimit t\u00eb procedurave penale institucioni i Prokurorit t\u00eb Shtetit ta zbatoj\u00eb ligjin n\u00eb m\u00ebnyr\u00eb t\u00eb barabart\u00eb, paanshme dhe t\u00eb drejt\u00eb p\u00ebr gjith\u00eb personat e p\u00ebrfshir\u00eb pa marr parasysh prejardhjen e tyre politike apo pozit\u00ebs shoq\u00ebrore\u201d.<\/p>\n<p>Derisa, analisti Lumir Abdixhiku, pas publikimit t\u00eb emrave t\u00eb uzurpator\u00ebve t\u00eb pronave shoq\u00ebrore, pati th\u00ebn\u00eb se uzurpator\u00ebt duhet t\u00eb largohen zvarr\u00eb jasht\u00eb pronave.<\/p>\n<p>\u201cE n\u00eb pa\u00e7t\u00eb shtet nj\u00ebmend, n\u00eb pa\u00e7t\u00eb prokurori e gjyq\u00ebsi si\u00e7 duhet, n\u00eb qoft\u00eb kjo Republik\u00eb e t\u00eb gjith\u00ebve, m\u00ebngjesi gjith\u00eb k\u00ebta uzurpator\u00eb duhet t\u2019i \u00e7et\u00eb zvarr\u00eb jasht\u00eb pronave \u2013 n\u00eb ndjekje deri sa t\u00eb mos kthejn\u00eb secil\u00ebn para t\u00eb fituar nga kapja e turpshme\u201d, kishte komentuar Abdixhiku.<\/p>\n<p>Agjencia Kosovare e Privatizimit (AKP), me 1 mars kishte publikuar listat me numrin prej 261 pronave t\u00eb uzurpuara. <\/p>\n<p>Kurse n\u00eb raportin vjetor t\u00eb cilin e ka publikuar t\u00eb jav\u00eb m\u00eb par\u00eb ka raportuar se deri m\u00eb 3 mars t\u00eb k\u00ebtij viti 167 nd\u00ebrmarrje shoq\u00ebrore (NSH) n\u00eb Kosov\u00eb kan\u00eb qen\u00eb t\u00eb uzurpuara nga persona t\u00eb ndrysh\u00ebm. \/express\/.<\/p>\n","protected":false},"excerpt":{"rendered":"<p>Ata q\u00eb p\u00ebr 17 vjet uzurpuan pronat shtet\u00ebrore do t\u00eb jen\u00eb subjekt i hetimit nga Prokuroria Speciale. Rastet e tyre, prokuroria e shtetit ka nisur t\u2019i hetoj\u00eb disa jav\u00eb pasi Agjencioni Kosovar p\u00ebr Privatizim publikoi listat me emra dhe nd\u00ebrmarrje q\u00eb funksionojn\u00eb n\u00eb hap\u00ebsira t\u00eb z\u00ebna pa qen\u00eb pronar\u00eb legjitim t\u00eb tyre, q\u00eb nga vitet [&hellip;]<\/p>\n","protected":false},"author":1,"featured_media":52743,"comment_status":"open","ping_status":"open","sticky":false,"template":"","format":"standard","meta":{"footnotes":""},"categories":[14],"tags":[1113],"class_list":["post-20715","post","type-post","status-publish","format-standard","has-post-thumbnail","hentry","category-kombetare","tag-prishtine"],"_links":{"self":[{"href":"https:\/\/prizrenpost.com\/al\/wp-json\/wp\/v2\/posts\/20715","targetHints":{"allow":["GET"]}}],"collection":[{"href":"https:\/\/prizrenpost.com\/al\/wp-json\/wp\/v2\/posts"}],"about":[{"href":"https:\/\/prizrenpost.com\/al\/wp-json\/wp\/v2\/types\/post"}],"author":[{"embeddable":true,"href":"https:\/\/prizrenpost.com\/al\/wp-json\/wp\/v2\/users\/1"}],"replies":[{"embeddable":true,"href":"https:\/\/prizrenpost.com\/al\/wp-json\/wp\/v2\/comments?post=20715"}],"version-history":[{"count":0,"href":"https:\/\/prizrenpost.com\/al\/wp-json\/wp\/v2\/posts\/20715\/revisions"}],"wp:featuredmedia":[{"embeddable":true,"href":"https:\/\/prizrenpost.com\/al\/wp-json\/wp\/v2\/media\/52743"}],"wp:attachment":[{"href":"https:\/\/prizrenpost.com\/al\/wp-json\/wp\/v2\/media?parent=20715"}],"wp:term":[{"taxonomy":"category","embeddable":true,"href":"https:\/\/prizrenpost.com\/al\/wp-json\/wp\/v2\/categories?post=20715"},{"taxonomy":"post_tag","embeddable":true,"href":"https:\/\/prizrenpost.com\/al\/wp-json\/wp\/v2\/tags?post=20715"}],"curies":[{"name":"wp","href":"https:\/\/api.w.org\/{rel}","templated":true}]}}