{"id":20912,"date":"2016-04-23T09:07:23","date_gmt":"2016-04-23T07:07:23","guid":{"rendered":"https:\/\/prizrenpost.com\/al\/?p=20912"},"modified":"2019-02-05T11:14:47","modified_gmt":"2019-02-05T10:14:47","slug":"misteri-i-vrasjes-se-ish-luftetarit-te-uck-se","status":"publish","type":"post","link":"https:\/\/prizrenpost.com\/al\/misteri-i-vrasjes-se-ish-luftetarit-te-uck-se\/","title":{"rendered":"Misteri i vrasjes s\u00eb ish-luft\u00ebtarit t\u00eb U\u00c7K-s\u00eb"},"content":{"rendered":"<p><img decoding=\"async\" src=\"https:\/\/prizrenpost.com\/al\/wp-content\/uploads\/2016\/04\/vrasja-e-ushtarit-1.jpg\" alt=\"\" width=\"100%\" height=\"\" class=\"alignleft size-full wp-image-52638\" srcset=\"https:\/\/prizrenpost.com\/al\/wp-content\/uploads\/2016\/04\/vrasja-e-ushtarit-1.jpg 910w, https:\/\/prizrenpost.com\/al\/wp-content\/uploads\/2016\/04\/vrasja-e-ushtarit-1-300x150.jpg 300w, https:\/\/prizrenpost.com\/al\/wp-content\/uploads\/2016\/04\/vrasja-e-ushtarit-1-768x384.jpg 768w\" sizes=\"(max-width: 910px) 100vw, 910px\" \/><\/p>\n<p><strong>Drenas &#8211; Bedri Curri, 37 vje\u00e7 nga Korrotica e Ep\u00ebrme e Drenasit, i vrar\u00eb t\u00eb enjten, ka shqet\u00ebsuar tej mase qytetar\u00ebt e Drenasit.<\/strong><\/p>\n<p>K\u00ebt\u00eb akt ata e komentojn\u00eb n\u00eb m\u00ebnyra t\u00eb ndryshme, madje ka t\u00eb till\u00eb q\u00eb k\u00ebt\u00eb vrasje e lidhin edhe me Gjykat\u00ebn Speciale.<\/p>\n<p>Familjar\u00ebt e viktim\u00ebs thon\u00eb se as familja e as Bedriu s\u2019i kan\u00eb pasur hak askujt.<\/p>\n<p>T\u00eb enjten rreth or\u00ebs 18:15, Bedriu u gjet i vrar\u00eb me nj\u00eb plumb n\u00eb kok\u00eb n\u00eb nj\u00eb mal n\u00eb fshatin e tij, n\u00eb af\u00ebrsi t\u00eb shkoll\u00ebs. Sipas babait, Vehbiut, Bedriu, i cili banonte me gruan dhe vajz\u00ebn n\u00eb Fush\u00eb Kosov\u00eb i ka telefonuar n\u00ebn\u00ebs s\u00eb tij dhe i kishte th\u00ebn\u00eb se do t\u00eb kthehej n\u00eb Korrotic\u00eb ta shoh\u00eb at\u00eb, pasi q\u00eb do t\u00eb shkonte n\u00eb Drenas p\u00ebr nj\u00eb pun\u00eb, shkruan sot gazeta Z\u00ebri.<\/p>\n<p>Komandanti i Stacionit t\u00eb Policis\u00eb n\u00eb Drenas, toger Driton Morina, tha se me k\u00ebt\u00eb rast \u00ebsht\u00eb duke u marr\u00eb policia rajonale dhe se \u00e7do informacion duhet t\u00eb merret atje.<\/p>\n<p>Nd\u00ebrkaq, Policia e Kosov\u00ebs ka dal\u00eb me nj\u00eb komunikat\u00eb, por nuk ka dh\u00ebn\u00eb asgj\u00eb konkrete e as ndonj\u00eb detaj t\u00eb ri p\u00ebr k\u00ebt\u00eb rast, \u201cp\u00ebrve\u00e7 se trupi \u00ebsht\u00eb gjetur pa shenja jete dhe se rasti \u00ebsht\u00eb kualifikuar si vrasje\u201d.<\/p>\n<p>\u201cPolicia ka zgjeruar rrethin e hetimit duke intervistuar nj\u00eb num\u00ebr personash n\u00eb cil\u00ebsi t\u00eb d\u00ebshmitar\u00ebve apo edhe t\u00eb tjer\u00eb, n\u00eb p\u00ebrpjekje p\u00ebr t\u00eb ndri\u00e7uar dhe sqaruar t\u00eb gjitha rrethanat q\u00eb kan\u00eb t\u00eb b\u00ebjn\u00eb me rastin.<\/p>\n<p>Rasti \u00ebsht\u00eb cil\u00ebsuar si vrasje\u201d, thuhet mes tjerash n\u00eb komunikat\u00ebn e Policis\u00eb s\u00eb Kosov\u00ebs.<\/p>\n<p>Ndon\u00ebse Policia nuk ka dh\u00ebn\u00eb shum\u00eb detaje p\u00ebr k\u00ebt\u00eb rast, njer\u00ebz q\u00eb kan\u00eb par\u00eb vendin ku \u00ebsht\u00eb gjetur viktima, por edhe t\u00eb tjer\u00eb, kan\u00eb shprehur dyshimet e tyre se Bedriu \u00ebsht\u00eb vrar\u00eb n\u00eb ndonj\u00eb vend tjet\u00ebr dhe pastaj \u00ebsht\u00eb sjell\u00eb aty, shkruan Z\u00ebri.<\/p>\n<p><iframe loading=\"lazy\" width=\"560\" height=\"315\" src=\"https:\/\/www.youtube.com\/embed\/WuUeMvm2Gys\" frameborder=\"0\" allowfullscreen><\/iframe><\/p>\n","protected":false},"excerpt":{"rendered":"<p>Drenas &#8211; Bedri Curri, 37 vje\u00e7 nga Korrotica e Ep\u00ebrme e Drenasit, i vrar\u00eb t\u00eb enjten, ka shqet\u00ebsuar tej mase qytetar\u00ebt e Drenasit. K\u00ebt\u00eb akt ata e komentojn\u00eb n\u00eb m\u00ebnyra t\u00eb ndryshme, madje ka t\u00eb till\u00eb q\u00eb k\u00ebt\u00eb vrasje e lidhin edhe me Gjykat\u00ebn Speciale. Familjar\u00ebt e viktim\u00ebs thon\u00eb se as familja e as Bedriu [&hellip;]<\/p>\n","protected":false},"author":1,"featured_media":52638,"comment_status":"open","ping_status":"open","sticky":false,"template":"","format":"standard","meta":{"footnotes":""},"categories":[17],"tags":[48,36,883],"class_list":["post-20912","post","type-post","status-publish","format-standard","has-post-thumbnail","hentry","category-kronike","tag-kosove","tag-uck","tag-vrasje"],"_links":{"self":[{"href":"https:\/\/prizrenpost.com\/al\/wp-json\/wp\/v2\/posts\/20912","targetHints":{"allow":["GET"]}}],"collection":[{"href":"https:\/\/prizrenpost.com\/al\/wp-json\/wp\/v2\/posts"}],"about":[{"href":"https:\/\/prizrenpost.com\/al\/wp-json\/wp\/v2\/types\/post"}],"author":[{"embeddable":true,"href":"https:\/\/prizrenpost.com\/al\/wp-json\/wp\/v2\/users\/1"}],"replies":[{"embeddable":true,"href":"https:\/\/prizrenpost.com\/al\/wp-json\/wp\/v2\/comments?post=20912"}],"version-history":[{"count":0,"href":"https:\/\/prizrenpost.com\/al\/wp-json\/wp\/v2\/posts\/20912\/revisions"}],"wp:featuredmedia":[{"embeddable":true,"href":"https:\/\/prizrenpost.com\/al\/wp-json\/wp\/v2\/media\/52638"}],"wp:attachment":[{"href":"https:\/\/prizrenpost.com\/al\/wp-json\/wp\/v2\/media?parent=20912"}],"wp:term":[{"taxonomy":"category","embeddable":true,"href":"https:\/\/prizrenpost.com\/al\/wp-json\/wp\/v2\/categories?post=20912"},{"taxonomy":"post_tag","embeddable":true,"href":"https:\/\/prizrenpost.com\/al\/wp-json\/wp\/v2\/tags?post=20912"}],"curies":[{"name":"wp","href":"https:\/\/api.w.org\/{rel}","templated":true}]}}