{"id":21228,"date":"2016-05-02T19:41:31","date_gmt":"2016-05-02T17:41:31","guid":{"rendered":"https:\/\/prizrenpost.com\/al\/?p=21228"},"modified":"2019-02-05T12:11:22","modified_gmt":"2019-02-05T11:11:22","slug":"keto-vota-i-duhen-kosoves-per-pranim-ne-uefa","status":"publish","type":"post","link":"https:\/\/prizrenpost.com\/al\/keto-vota-i-duhen-kosoves-per-pranim-ne-uefa\/","title":{"rendered":"K\u00ebto vota i duhen Kosov\u00ebs p\u00ebr pranim n\u00eb UEFA"},"content":{"rendered":"<p><img decoding=\"async\" src=\"https:\/\/prizrenpost.com\/al\/wp-content\/uploads\/2016\/05\/uefa.jpg\" alt=\"\" width=\"100%\" height=\"\" class=\"alignleft size-full wp-image-52697\" srcset=\"https:\/\/prizrenpost.com\/al\/wp-content\/uploads\/2016\/05\/uefa.jpg 1200w, https:\/\/prizrenpost.com\/al\/wp-content\/uploads\/2016\/05\/uefa-300x158.jpg 300w, https:\/\/prizrenpost.com\/al\/wp-content\/uploads\/2016\/05\/uefa-768x403.jpg 768w, https:\/\/prizrenpost.com\/al\/wp-content\/uploads\/2016\/05\/uefa-1024x538.jpg 1024w\" sizes=\"(max-width: 1200px) 100vw, 1200px\" \/><\/p>\n<p><strong>Kosov\u00ebs nes\u00ebr do t\u2019i duhen m\u00eb shum\u00eb se sa 28 vota p\u00ebr t\u2019u b\u00ebr\u00eb an\u00ebtarja m\u00eb e re e UEFA\u2019s.<\/strong><\/p>\n<p>Delegacioni i Kosov\u00ebs tashm\u00eb ka arritur n\u00eb Budapest t\u00eb Hungaris\u00eb, atje ku nes\u00ebr prite q\u00eb Federata e Futbollit t\u00eb Kosov\u00ebs t\u00eb b\u00ebhet an\u00ebtarja e 55 e UEFA\u2019s.<\/p>\n<p>K\u00ebt\u00eb e beson edhe N\u00ebnkryetari i FFK-s\u00eb, Agim Ademi, i cili tha se Fadil Vokrri do t\u00eb ngrit\u00eb flamurin e Kosov\u00ebs n\u00eb UEFA dhe se do t\u00eb marrin m\u00eb shum\u00eb se sa 28 vota t\u00eb nevojshme.<\/p>\n<p>\u201cJam optimist se Fadil Vokrri do ta ngrit\u00eb flamurin e Kosov\u00ebs nes\u00ebr n\u00eb Kongresin e UEFA\u2019s. Besoj se Kosova do t\u00eb marr\u00eb m\u00eb shum\u00eb se sa 28 vota\u201d, tha Ademi pas arritjes n\u00eb Budapest.<\/p>\n","protected":false},"excerpt":{"rendered":"<p>Kosov\u00ebs nes\u00ebr do t\u2019i duhen m\u00eb shum\u00eb se sa 28 vota p\u00ebr t\u2019u b\u00ebr\u00eb an\u00ebtarja m\u00eb e re e UEFA\u2019s. Delegacioni i Kosov\u00ebs tashm\u00eb ka arritur n\u00eb Budapest t\u00eb Hungaris\u00eb, atje ku nes\u00ebr prite q\u00eb Federata e Futbollit t\u00eb Kosov\u00ebs t\u00eb b\u00ebhet an\u00ebtarja e 55 e UEFA\u2019s. K\u00ebt\u00eb e beson edhe N\u00ebnkryetari i FFK-s\u00eb, Agim [&hellip;]<\/p>\n","protected":false},"author":1,"featured_media":52697,"comment_status":"open","ping_status":"open","sticky":false,"template":"","format":"standard","meta":{"footnotes":""},"categories":[7],"tags":[4348,1879,287,1491],"class_list":["post-21228","post","type-post","status-publish","format-standard","has-post-thumbnail","hentry","category-sport","tag-fadil-vokrri","tag-ffk","tag-kosova","tag-uefa"],"_links":{"self":[{"href":"https:\/\/prizrenpost.com\/al\/wp-json\/wp\/v2\/posts\/21228","targetHints":{"allow":["GET"]}}],"collection":[{"href":"https:\/\/prizrenpost.com\/al\/wp-json\/wp\/v2\/posts"}],"about":[{"href":"https:\/\/prizrenpost.com\/al\/wp-json\/wp\/v2\/types\/post"}],"author":[{"embeddable":true,"href":"https:\/\/prizrenpost.com\/al\/wp-json\/wp\/v2\/users\/1"}],"replies":[{"embeddable":true,"href":"https:\/\/prizrenpost.com\/al\/wp-json\/wp\/v2\/comments?post=21228"}],"version-history":[{"count":0,"href":"https:\/\/prizrenpost.com\/al\/wp-json\/wp\/v2\/posts\/21228\/revisions"}],"wp:featuredmedia":[{"embeddable":true,"href":"https:\/\/prizrenpost.com\/al\/wp-json\/wp\/v2\/media\/52697"}],"wp:attachment":[{"href":"https:\/\/prizrenpost.com\/al\/wp-json\/wp\/v2\/media?parent=21228"}],"wp:term":[{"taxonomy":"category","embeddable":true,"href":"https:\/\/prizrenpost.com\/al\/wp-json\/wp\/v2\/categories?post=21228"},{"taxonomy":"post_tag","embeddable":true,"href":"https:\/\/prizrenpost.com\/al\/wp-json\/wp\/v2\/tags?post=21228"}],"curies":[{"name":"wp","href":"https:\/\/api.w.org\/{rel}","templated":true}]}}