{"id":21414,"date":"2016-05-06T19:01:26","date_gmt":"2016-05-06T17:01:26","guid":{"rendered":"https:\/\/prizrenpost.com\/al\/?p=21414"},"modified":"2018-12-10T19:17:53","modified_gmt":"2018-12-10T18:17:53","slug":"sadiq-khan-behet-kryetari-i-pare-mysliman-i-londres","status":"publish","type":"post","link":"https:\/\/prizrenpost.com\/al\/sadiq-khan-behet-kryetari-i-pare-mysliman-i-londres\/","title":{"rendered":"Sadiq Khan b\u00ebhet kryetari i par\u00eb mysliman i Londr\u00ebs"},"content":{"rendered":"<p><img decoding=\"async\" src=\"https:\/\/prizrenpost.com\/al\/wp-content\/uploads\/2016\/05\/sadiq-khan-1.jpg\" alt=\"\" width=\"100%\" height=\"\" class=\"alignleft size-full wp-image-49798\" srcset=\"https:\/\/prizrenpost.com\/al\/wp-content\/uploads\/2016\/05\/sadiq-khan-1.jpg 780w, https:\/\/prizrenpost.com\/al\/wp-content\/uploads\/2016\/05\/sadiq-khan-1-300x169.jpg 300w, https:\/\/prizrenpost.com\/al\/wp-content\/uploads\/2016\/05\/sadiq-khan-1-768x432.jpg 768w\" sizes=\"(max-width: 780px) 100vw, 780px\" \/><\/p>\n<p><strong>Ajo q\u00eb parashikohej ndodhi. Laburisti anglez Sadiq Khan \u00ebsht\u00eb b\u00ebr\u00eb i pari kryetar i Londr\u00ebs mysliman.<\/strong><\/p>\n<p>Sipas asaj q\u00eb ka raportuar \u201cThe Guardian\u201d, Khan \u00ebsht\u00eb fituesi i pakontestuesh\u00ebm i gar\u00ebs p\u00ebr kryetar t\u00eb Londr\u00ebs.<\/p>\n<p>Burimet i kan\u00eb th\u00ebn\u00eb gazet\u00ebs prestigjioze se sipas rezultateve preliminare, Khan ka fituar 80 p\u00ebr qind t\u00eb votave.<\/p>\n<p>Sadik Khan \u00ebsht\u00eb me origjin\u00eb nga Pakistani. Rivali i tij kryesor n\u00eb k\u00ebt\u00eb gar\u00eb ka qen\u00eb konservatori Zak Goldsmith.<\/p>\n<p>Ai ka lindur m\u00eb 8 tetor t\u00eb vitit 1970, \u00ebsht\u00eb rritur n\u00eb Tooting, n\u00eb jug t\u00eb Londr\u00ebs dhe \u00ebsht\u00eb f\u00ebmija i pest\u00eb nga tet\u00eb motrat dhe v\u00ebllez\u00ebrit e tij.<\/p>\n","protected":false},"excerpt":{"rendered":"<p>Ajo q\u00eb parashikohej ndodhi. Laburisti anglez Sadiq Khan \u00ebsht\u00eb b\u00ebr\u00eb i pari kryetar i Londr\u00ebs mysliman. Sipas asaj q\u00eb ka raportuar \u201cThe Guardian\u201d, Khan \u00ebsht\u00eb fituesi i pakontestuesh\u00ebm i gar\u00ebs p\u00ebr kryetar t\u00eb Londr\u00ebs. Burimet i kan\u00eb th\u00ebn\u00eb gazet\u00ebs prestigjioze se sipas rezultateve preliminare, Khan ka fituar 80 p\u00ebr qind t\u00eb votave. Sadik Khan \u00ebsht\u00eb [&hellip;]<\/p>\n","protected":false},"author":1,"featured_media":49798,"comment_status":"open","ping_status":"open","sticky":false,"template":"","format":"standard","meta":{"footnotes":""},"categories":[33],"tags":[2996,4974,1871],"class_list":["post-21414","post","type-post","status-publish","format-standard","has-post-thumbnail","hentry","category-europe","tag-londer","tag-partia-laburiste","tag-sadiq-khan"],"_links":{"self":[{"href":"https:\/\/prizrenpost.com\/al\/wp-json\/wp\/v2\/posts\/21414","targetHints":{"allow":["GET"]}}],"collection":[{"href":"https:\/\/prizrenpost.com\/al\/wp-json\/wp\/v2\/posts"}],"about":[{"href":"https:\/\/prizrenpost.com\/al\/wp-json\/wp\/v2\/types\/post"}],"author":[{"embeddable":true,"href":"https:\/\/prizrenpost.com\/al\/wp-json\/wp\/v2\/users\/1"}],"replies":[{"embeddable":true,"href":"https:\/\/prizrenpost.com\/al\/wp-json\/wp\/v2\/comments?post=21414"}],"version-history":[{"count":0,"href":"https:\/\/prizrenpost.com\/al\/wp-json\/wp\/v2\/posts\/21414\/revisions"}],"wp:featuredmedia":[{"embeddable":true,"href":"https:\/\/prizrenpost.com\/al\/wp-json\/wp\/v2\/media\/49798"}],"wp:attachment":[{"href":"https:\/\/prizrenpost.com\/al\/wp-json\/wp\/v2\/media?parent=21414"}],"wp:term":[{"taxonomy":"category","embeddable":true,"href":"https:\/\/prizrenpost.com\/al\/wp-json\/wp\/v2\/categories?post=21414"},{"taxonomy":"post_tag","embeddable":true,"href":"https:\/\/prizrenpost.com\/al\/wp-json\/wp\/v2\/tags?post=21414"}],"curies":[{"name":"wp","href":"https:\/\/api.w.org\/{rel}","templated":true}]}}