{"id":21465,"date":"2016-05-09T08:49:22","date_gmt":"2016-05-09T06:49:22","guid":{"rendered":"https:\/\/prizrenpost.com\/al\/?p=21465"},"modified":"2019-02-01T21:20:24","modified_gmt":"2019-02-01T20:20:24","slug":"ja-cfare-tha-kryetari-i-ri-i-londres-kur-beri-betimin","status":"publish","type":"post","link":"https:\/\/prizrenpost.com\/al\/ja-cfare-tha-kryetari-i-ri-i-londres-kur-beri-betimin\/","title":{"rendered":"Shikoni \u00e7far\u00eb tha kryetari i ri i Londr\u00ebs kur b\u00ebri betimin"},"content":{"rendered":"<p><img decoding=\"async\" src=\"https:\/\/prizrenpost.com\/al\/wp-content\/uploads\/2016\/05\/sadiq-khan-2.jpg\" alt=\"\" width=\"100%\" height=\"\" class=\"alignleft size-full wp-image-52069\" srcset=\"https:\/\/prizrenpost.com\/al\/wp-content\/uploads\/2016\/05\/sadiq-khan-2.jpg 910w, https:\/\/prizrenpost.com\/al\/wp-content\/uploads\/2016\/05\/sadiq-khan-2-300x150.jpg 300w, https:\/\/prizrenpost.com\/al\/wp-content\/uploads\/2016\/05\/sadiq-khan-2-768x384.jpg 768w\" sizes=\"(max-width: 910px) 100vw, 910px\" \/><\/p>\n<p><strong>Lond\u00ebr &#8211; Sadiq Khan dje ka b\u00ebr\u00eb betimin para mbretresh\u00ebs p\u00ebr postin e t\u00eb parit t\u00eb Lond\u00ebrs.<\/strong><\/p>\n<p>Ai ka b\u00ebr\u00eb nj\u00eb shaka q\u00eb ka pushtuar mediat sociale t\u00eb informimit. Ai ka th\u00ebn\u00eb nj\u00eb anektod\u00eb q\u00eb ka pas mbi 3000 shp\u00ebrndarje. Aty nuk kishte pasur Kuran.<\/p>\n<blockquote><p>\u201cKur Sadiq Khan b\u00ebri betimin e detyruesh\u00ebm me kushtetut\u00eb britanike para mbret\u00ebresh\u00ebs i than\u00eb: N\u00eb cil\u00ebn Bib\u00ebl d\u00ebshiron t\u00eb betohesh?<br \/>\nKjo n\u00ebnkupton se ka disa bibla.<br \/>\nE ai (Sadiq Khan) u tha: Un\u00eb jam musliman, kam Kur\u2019anin.<br \/>\nAta i than\u00eb: Na e sill nj\u00eb t\u00eb till\u00eb se ne nuk kemi.<br \/>\nKur ai e solli dhe mbaroi betimin ata i than\u00eb: Merre Kur\u2019anin.<br \/>\nAi u tha: Jo, a mund ta l\u00eb k\u00ebtu p\u00ebr ata q\u00eb vijn\u00eb pas meje.\u201d<\/p><\/blockquote>\n","protected":false},"excerpt":{"rendered":"<p>Lond\u00ebr &#8211; Sadiq Khan dje ka b\u00ebr\u00eb betimin para mbretresh\u00ebs p\u00ebr postin e t\u00eb parit t\u00eb Lond\u00ebrs. Ai ka b\u00ebr\u00eb nj\u00eb shaka q\u00eb ka pushtuar mediat sociale t\u00eb informimit. Ai ka th\u00ebn\u00eb nj\u00eb anektod\u00eb q\u00eb ka pas mbi 3000 shp\u00ebrndarje. Aty nuk kishte pasur Kuran. \u201cKur Sadiq Khan b\u00ebri betimin e detyruesh\u00ebm me kushtetut\u00eb britanike [&hellip;]<\/p>\n","protected":false},"author":1,"featured_media":52069,"comment_status":"open","ping_status":"open","sticky":false,"template":"","format":"standard","meta":{"footnotes":""},"categories":[33],"tags":[2996,1871],"class_list":["post-21465","post","type-post","status-publish","format-standard","has-post-thumbnail","hentry","category-europe","tag-londer","tag-sadiq-khan"],"_links":{"self":[{"href":"https:\/\/prizrenpost.com\/al\/wp-json\/wp\/v2\/posts\/21465","targetHints":{"allow":["GET"]}}],"collection":[{"href":"https:\/\/prizrenpost.com\/al\/wp-json\/wp\/v2\/posts"}],"about":[{"href":"https:\/\/prizrenpost.com\/al\/wp-json\/wp\/v2\/types\/post"}],"author":[{"embeddable":true,"href":"https:\/\/prizrenpost.com\/al\/wp-json\/wp\/v2\/users\/1"}],"replies":[{"embeddable":true,"href":"https:\/\/prizrenpost.com\/al\/wp-json\/wp\/v2\/comments?post=21465"}],"version-history":[{"count":0,"href":"https:\/\/prizrenpost.com\/al\/wp-json\/wp\/v2\/posts\/21465\/revisions"}],"wp:featuredmedia":[{"embeddable":true,"href":"https:\/\/prizrenpost.com\/al\/wp-json\/wp\/v2\/media\/52069"}],"wp:attachment":[{"href":"https:\/\/prizrenpost.com\/al\/wp-json\/wp\/v2\/media?parent=21465"}],"wp:term":[{"taxonomy":"category","embeddable":true,"href":"https:\/\/prizrenpost.com\/al\/wp-json\/wp\/v2\/categories?post=21465"},{"taxonomy":"post_tag","embeddable":true,"href":"https:\/\/prizrenpost.com\/al\/wp-json\/wp\/v2\/tags?post=21465"}],"curies":[{"name":"wp","href":"https:\/\/api.w.org\/{rel}","templated":true}]}}