{"id":21507,"date":"2016-05-10T21:09:47","date_gmt":"2016-05-10T19:09:47","guid":{"rendered":"https:\/\/prizrenpost.com\/al\/?p=21507"},"modified":"2018-10-21T13:53:01","modified_gmt":"2018-10-21T11:53:01","slug":"kosova-ngrit-ne-kembe-boten-e-futbollit-pritet-pranimi-ne-fifa","status":"publish","type":"post","link":"https:\/\/prizrenpost.com\/al\/kosova-ngrit-ne-kembe-boten-e-futbollit-pritet-pranimi-ne-fifa\/","title":{"rendered":"Kosova ngrit n\u00eb k\u00ebmb\u00eb bot\u00ebn e futbollit \u2013 pritet pranimi n\u00eb FIFA"},"content":{"rendered":"<p><img decoding=\"async\" src=\"https:\/\/prizrenpost.com\/al\/wp-content\/uploads\/2016\/05\/vokrri-infantinofifa1.png\" alt=\"\" width=\"100%\" height=\"\" class=\"alignleft size-full wp-image-47145\" srcset=\"https:\/\/prizrenpost.com\/al\/wp-content\/uploads\/2016\/05\/vokrri-infantinofifa1.png 768w, https:\/\/prizrenpost.com\/al\/wp-content\/uploads\/2016\/05\/vokrri-infantinofifa1-300x152.png 300w\" sizes=\"(max-width: 768px) 100vw, 768px\" \/><\/p>\n<p><strong>P\u00ebrkund\u00ebr kriz\u00ebs e cila po vazhdon n\u00eb FIFA e nxitur nga rastet e korrupsionit, an\u00ebtar\u00ebsimi i federatave mbetet nj\u00eb q\u00ebllim i ndjekur me pasion, shkruan Associated Press.<\/strong><\/p>\n<hr>\n<p>Kjo prestigjioze shkruan p\u00ebr mund\u00ebsin\u00eb e pranimit t\u00eb Kosov\u00ebs dhe Gjibraltarit n\u00eb FIFA n\u00eb Kongresin e FIFA-s me 12 dhe 13 maj q\u00eb do t\u00eb mbahet n\u00eb Meksik\u00eb.<\/p>\n<p>T\u00eb premten, 209 Federatat e Futbollit, t\u00eb cilat ka FIFA duhet q\u00eb t\u00eb shtojn\u00eb n\u00eb gjirin e tyre edhe dy an\u00ebtare t\u00eb reja n\u00eb Meksiko City. Kosova dhe Gjibraltari mund t\u00eb presin q\u00eb t\u2019i bashkohen familjes s\u00eb madhe t\u00eb futbollit, dhe pastaj me procedur\u00eb t\u00eb shpejt t\u00eb hyjn\u00eb faz\u00ebn kualifikuese t\u00eb grupeve p\u00ebr Kampionatin Bot\u00ebror\u00eb Rusia 2018 e cila fillon n\u00eb shtator, transmeton zeri.info.<\/p>\n<p>Rasti i Kosov\u00ebs \u00ebsht\u00eb m\u00eb kompleks, pasi q\u00eb ngrit\u00eb pyetjen se kush do t\u00eb jet\u00eb n\u00eb gjendje q\u00eb t\u00eb luaj p\u00ebr etnin\u00eb e madhe shqiptare n\u00ebp\u00ebr Evrop\u00eb.<\/p>\n<p>\u201cKa shum\u00eb futbollist n\u00eb Evrop\u00eb q\u00eb Kosova mund t\u00eb th\u00ebrras, dhe shum\u00eb prej tyre kan\u00eb shprehur tashm\u00eb d\u00ebshir\u00ebn p\u00ebr t\u00eb zgjedhur ngjyrat e Kosov\u00ebs\u201d, ka th\u00ebn\u00eb Fazli Berisha n\u00eb p\u00ebrgjigjen e tij p\u00ebr Associated Press.<\/p>\n<p>Poashtu mund\u00ebsia \u00ebsht\u00eb e madhe q\u00eb ket\u00eb nj\u00eb val\u00eb t\u00eb madhe t\u00eb k\u00ebrkesave p\u00ebr transfereve n\u00eb FIFA nga futbollist\u00ebt t\u00eb cil\u00ebt luajn\u00eb p\u00ebr Shqip\u00ebrin\u00eb, Zvicr\u00ebn, apo edhe shtetet tjera.<\/p>\n<p>\u00c7\u00ebshtja se a mund apo jo t\u00eb luajn\u00eb futbollist\u00ebt me origjin\u00eb kosovare p\u00ebr Kosov\u00ebn \u00ebsht\u00eb ngritur mir\u00ebpo nuk \u00ebsht\u00eb zgjidhur, kur Kosova u b\u00eb an\u00ebtare e UEFA-s jav\u00ebn e kaluar. Ajo fitore p\u00ebr Kosov\u00ebn pastroi rrug\u00ebn p\u00ebr votimin n\u00eb FIFA.<\/p>\n<p>Ishte p\u00ebrfaq\u00ebsuesi i Zvicr\u00ebs ai i cili k\u00ebrkoi q\u00eb t\u00eb shtyhet c\u00ebshtja e Kosov\u00ebs n\u00eb UEFA jav\u00ebn e kaluar. P\u00ebrfaq\u00ebsuesja e Zvicr\u00ebs, muajin e ardhsh\u00ebm n\u00eb Evropian pritet q\u00eb t\u00eb ket\u00eb shum\u00eb futbollist q\u00eb Kosova mund t\u2019i ftoj m\u00eb pas, si Xherdan Shaqiri, Granit Xhaka, 24 respektivisht 23 vje\u00e7.<\/p>\n<p>Sekretari Gjeneral i Federat\u00ebs s\u00eb Zvicr\u00ebs Alex Miescher ka th\u00ebn\u00eb se do t\u00eb ishte e padrejt\u00eb q\u00eb futbollist\u00ebve tu imponohej t\u00eb zgjidhnin n\u00eb k\u00ebt\u00eb moment. \u201c\u00c7far\u00ebdo q\u00eb ata do t\u00eb vendosin nuk do t\u00eb jet\u00eb p\u00ebr nj\u00eb komb, mir\u00ebpo kund\u00ebr nj\u00eb kombi\u201d, ka th\u00ebn\u00eb Miescher n\u00eb Kongresin e UEFA-s. \u201cKjo do t\u00eb krijoj shum\u00eb, shum\u00eb probleme\u201d, ka shtuar ai.<\/p>\n<p>FIFA ka refuzuar q\u00eb t\u00eb komentoj detajet para Kongresit n\u00eb Meksiko City, mir\u00ebpo ka shtuar se Komiteti p\u00ebr Statutin e Futbollist\u00ebve do t\u00eb vendos n\u00ebse futbollist\u00ebt mund t\u00eb ndryshojn\u00eb komb\u00ebtaret. Teknikisht futbollist\u00ebt t\u00eb cil\u00ebt mund t\u00eb luajn\u00eb p\u00ebr m\u00eb shum\u00eb se nj\u00eb p\u00ebrfaq\u00ebsuese u lejohet q\u00eb t\u00eb ndryshojn\u00eb nj\u00ebher\u00eb vendin.<\/p>\n<p>Tani FIFA duhet q\u00eb t\u00eb shikoj se \u00e7far\u00eb t\u00eb b\u00ebj\u00eb me futbollist\u00ebt reprezentues t\u00eb shteteve t\u00eb tjera t\u00eb cil\u00ebt m\u00eb her\u00ebt nuk e kan\u00eb pasur si opsion t\u00eb luajn\u00eb p\u00ebr Kosov\u00ebn.<\/p>\n<p>\u201cNe e kemi pyetur FIFA-n p\u00ebr k\u00ebt\u00eb pyetje n\u00eb m\u00ebnyr\u00eb direkte dhe do t\u00eb donim q\u00eb t\u00eb merrnim nj\u00eb p\u00ebrgjigje t\u00eb qart\u00eb\u201d, ka th\u00ebn\u00eb Alasdair Bell jav\u00ebn e kaluar, transmeton zeri.info.<\/p>\n<p>N\u00ebse Kosova pranohet n\u00eb FIFA duket se t\u00eb gjitha pal\u00ebt pajtohen q\u00eb nj\u00eb vendim i till\u00eb p\u00ebr k\u00ebt\u00eb \u00e7\u00ebshtje duhet t\u00eb pres deri n\u00eb p\u00ebrfundim t\u00eb Kampionatit Evropian n\u00eb Franc\u00eb. Nd\u00ebrkoh\u00eb ndeshja Shqip\u00ebri \u2013 Zvic\u00ebr me 11 qershor n\u00eb Lens, ka nj\u00eb gj\u00eb shum\u00eb t\u00eb ve\u00e7ant\u00eb. \u201cUn\u00eb do t\u00eb jem atje q\u00eb t\u00eb jem zviceran, sikur t\u00eb gjith\u00eb bashk\u00eblojtar\u00ebt e mi\u201d, ka th\u00ebn\u00eb Valon Behrami, 31 vje\u00e7ari, i lindur n\u00eb Kosov\u00eb e q\u00eb luan p\u00ebr Zvicr\u00ebn. \u201cNe do t\u00eb shikojm\u00eb \u00e7far\u00eb do t\u00eb b\u00ebjm\u00eb pas Euro 2016. Kjo \u00ebsht\u00eb zgjedhje krejt personale ku ju nuk duhet t\u00eb interferoni\u201d, ka th\u00ebn\u00eb Behrami.<\/p>\n<p>Serbia refuzon q\u00eb t\u00eb njoh pavar\u00ebsin\u00eb e Kosov\u00ebs t\u00eb shpallur n\u00eb vitin 2008, e cila \u00ebsht\u00eb pranuar m\u00eb shum\u00eb se 100 shtete an\u00ebtare t\u00eb OKB-s, dhe ka k\u00ebrc\u00ebnuar p\u00ebr t\u00eb d\u00ebrguar pranimin e Kosov\u00ebs n\u00eb UEFA n\u00eb Gjykat\u00ebn e Arbitrazhit Sportiv.<\/p>\n<p>Kjo do t\u00eb thot\u00eb se FIFA dhe UEFA do t\u00eb duhet q\u00eb t\u00eb ndajn\u00eb Kosov\u00ebn dhe Serbin\u00eb n\u00ebp\u00ebr faz\u00ebn e grupeve t\u00eb komb\u00ebtareve dhe skuadrave p\u00ebr disa vite me radh\u00eb.<\/p>\n<p>Poashtu edhe Gjibraltari dhe Spanja jan\u00eb mbajtur larg nj\u00ebra tjetr\u00ebs q\u00eb kur territori britanik i \u00ebsht\u00eb bashkuar UEFA-s n\u00eb vitin 2013.<\/p>\n<p>N\u00eb m\u00eb pak se kat\u00ebr muaj para nisjes s\u00eb faz\u00ebs kualifikuese p\u00ebr Bot\u00ebrorin Rusia 2018, FIFA dhe UEFA duhet t\u00eb reagojn\u00eb shpejt n\u00ebse dy an\u00ebtaret e reja pranohen t\u00eb premten. Ka dy vende bosh n\u00eb dy prej pes\u00eb grupeve kualifikuese ku Kosova p\u00ebrs\u00ebri p\u00ebrb\u00ebn nj\u00eb problem tjet\u00ebr.<\/p>\n<p>Kur n\u00eb vitin 2014 FIFA lejoi Kosov\u00ebn t\u00eb luaj ndeshje nd\u00ebrkomb\u00ebtare i pati ndaluar t\u00eb luaj me shtetet e ish Jugosllavis\u00eb. E n\u00eb dy grupet e mbetura kualifikuese p\u00ebr bot\u00ebrorin e Rusis\u00eb, n\u00eb nj\u00eb grup \u00ebsht\u00eb Bosnja e n\u00eb tjetrin Kroacia.<\/p>\n<p>Se \u00e7far\u00eb do t\u00eb ndodh\u00eb sakt\u00ebsisht megjithat\u00eb duhet t\u00eb presim deri t\u00eb premten e t\u00eb shohim n\u00ebse FIFA do t\u00eb pranoj Kosov\u00ebn dhe Gjibraltarin.<\/p>\n<p>N\u00ebse pranimi do t\u00eb ndodh\u00eb at\u00ebher\u00eb zhvillime interesante pritet t\u00eb ndodhin.<\/p>\n","protected":false},"excerpt":{"rendered":"<p>P\u00ebrkund\u00ebr kriz\u00ebs e cila po vazhdon n\u00eb FIFA e nxitur nga rastet e korrupsionit, an\u00ebtar\u00ebsimi i federatave mbetet nj\u00eb q\u00ebllim i ndjekur me pasion, shkruan Associated Press. Kjo prestigjioze shkruan p\u00ebr mund\u00ebsin\u00eb e pranimit t\u00eb Kosov\u00ebs dhe Gjibraltarit n\u00eb FIFA n\u00eb Kongresin e FIFA-s me 12 dhe 13 maj q\u00eb do t\u00eb mbahet n\u00eb Meksik\u00eb. [&hellip;]<\/p>\n","protected":false},"author":1,"featured_media":47145,"comment_status":"open","ping_status":"open","sticky":false,"template":"","format":"standard","meta":{"footnotes":""},"categories":[7],"tags":[4348,4519,1879,1674],"class_list":["post-21507","post","type-post","status-publish","format-standard","has-post-thumbnail","hentry","category-sport","tag-fadil-vokrri","tag-federata-e-futbollit-e-kosoves","tag-ffk","tag-fifa"],"_links":{"self":[{"href":"https:\/\/prizrenpost.com\/al\/wp-json\/wp\/v2\/posts\/21507","targetHints":{"allow":["GET"]}}],"collection":[{"href":"https:\/\/prizrenpost.com\/al\/wp-json\/wp\/v2\/posts"}],"about":[{"href":"https:\/\/prizrenpost.com\/al\/wp-json\/wp\/v2\/types\/post"}],"author":[{"embeddable":true,"href":"https:\/\/prizrenpost.com\/al\/wp-json\/wp\/v2\/users\/1"}],"replies":[{"embeddable":true,"href":"https:\/\/prizrenpost.com\/al\/wp-json\/wp\/v2\/comments?post=21507"}],"version-history":[{"count":0,"href":"https:\/\/prizrenpost.com\/al\/wp-json\/wp\/v2\/posts\/21507\/revisions"}],"wp:featuredmedia":[{"embeddable":true,"href":"https:\/\/prizrenpost.com\/al\/wp-json\/wp\/v2\/media\/47145"}],"wp:attachment":[{"href":"https:\/\/prizrenpost.com\/al\/wp-json\/wp\/v2\/media?parent=21507"}],"wp:term":[{"taxonomy":"category","embeddable":true,"href":"https:\/\/prizrenpost.com\/al\/wp-json\/wp\/v2\/categories?post=21507"},{"taxonomy":"post_tag","embeddable":true,"href":"https:\/\/prizrenpost.com\/al\/wp-json\/wp\/v2\/tags?post=21507"}],"curies":[{"name":"wp","href":"https:\/\/api.w.org\/{rel}","templated":true}]}}