{"id":21652,"date":"2016-05-14T21:28:17","date_gmt":"2016-05-14T19:28:17","guid":{"rendered":"https:\/\/prizrenpost.com\/al\/?p=21652"},"modified":"2019-02-28T07:51:06","modified_gmt":"2019-02-28T06:51:06","slug":"rama-mes-6-mije-te-ftuarve-ne-dasmen-e-vajzes-se-erdogan","status":"publish","type":"post","link":"https:\/\/prizrenpost.com\/al\/rama-mes-6-mije-te-ftuarve-ne-dasmen-e-vajzes-se-erdogan\/","title":{"rendered":"Rama mes 6 mij\u00eb t\u00eb ftuarve n\u00eb dasm\u00ebn e vajz\u00ebs s\u00eb Erdogan"},"content":{"rendered":"<p><img decoding=\"async\" src=\"https:\/\/prizrenpost.com\/al\/wp-content\/uploads\/2016\/05\/rama1-erdogan.jpg\" alt=\"\" width=\"100%\" height=\"\" class=\"alignleft size-full wp-image-53910\" srcset=\"https:\/\/prizrenpost.com\/al\/wp-content\/uploads\/2016\/05\/rama1-erdogan.jpg 910w, https:\/\/prizrenpost.com\/al\/wp-content\/uploads\/2016\/05\/rama1-erdogan-300x150.jpg 300w, https:\/\/prizrenpost.com\/al\/wp-content\/uploads\/2016\/05\/rama1-erdogan-768x384.jpg 768w\" sizes=\"(max-width: 910px) 100vw, 910px\" \/><\/p>\n<p><strong>Stamboll &#8211; Presidenti i Turqis\u00eb, Recep Tayyip Erdogan, ka martuar sot vajz\u00ebn m\u00eb t\u00eb vog\u00ebl, Sumeyye, me industrialistin Seluck Bayraktar.<\/strong><\/p>\n<p>N\u00eb ceremonin\u00eb e madhe, t\u00eb zhvilluar n\u00eb kushte t\u00eb larta sigurie, i ftuar ishte dhe kryeministri i Shqip\u00ebris\u00eb, Edi Rama.<\/p>\n<p><img decoding=\"async\" src=\"https:\/\/prizrenpost.com\/al\/wp-content\/uploads\/2016\/05\/foto-13.jpg\" alt=\"foto-13\" width=\"100%\" height=\"\" class=\"alignnone size-full wp-image-21654\" \/><\/p>\n<p><img decoding=\"async\" src=\"https:\/\/prizrenpost.com\/al\/wp-content\/uploads\/2016\/05\/rama-2-640x480.jpg\" alt=\"rama-2-640x480\" width=\"100%\" height=\"\" class=\"alignnone size-full wp-image-21655\" \/><\/p>\n","protected":false},"excerpt":{"rendered":"<p>Stamboll &#8211; Presidenti i Turqis\u00eb, Recep Tayyip Erdogan, ka martuar sot vajz\u00ebn m\u00eb t\u00eb vog\u00ebl, Sumeyye, me industrialistin Seluck Bayraktar. N\u00eb ceremonin\u00eb e madhe, t\u00eb zhvilluar n\u00eb kushte t\u00eb larta sigurie, i ftuar ishte dhe kryeministri i Shqip\u00ebris\u00eb, Edi Rama.<\/p>\n","protected":false},"author":1,"featured_media":53910,"comment_status":"open","ping_status":"open","sticky":false,"template":"","format":"standard","meta":{"footnotes":""},"categories":[24],"tags":[369,1059,938],"class_list":["post-21652","post","type-post","status-publish","format-standard","has-post-thumbnail","hentry","category-bote","tag-edi-rama","tag-recep-tayyip-erdogan","tag-turqi"],"_links":{"self":[{"href":"https:\/\/prizrenpost.com\/al\/wp-json\/wp\/v2\/posts\/21652","targetHints":{"allow":["GET"]}}],"collection":[{"href":"https:\/\/prizrenpost.com\/al\/wp-json\/wp\/v2\/posts"}],"about":[{"href":"https:\/\/prizrenpost.com\/al\/wp-json\/wp\/v2\/types\/post"}],"author":[{"embeddable":true,"href":"https:\/\/prizrenpost.com\/al\/wp-json\/wp\/v2\/users\/1"}],"replies":[{"embeddable":true,"href":"https:\/\/prizrenpost.com\/al\/wp-json\/wp\/v2\/comments?post=21652"}],"version-history":[{"count":0,"href":"https:\/\/prizrenpost.com\/al\/wp-json\/wp\/v2\/posts\/21652\/revisions"}],"wp:featuredmedia":[{"embeddable":true,"href":"https:\/\/prizrenpost.com\/al\/wp-json\/wp\/v2\/media\/53910"}],"wp:attachment":[{"href":"https:\/\/prizrenpost.com\/al\/wp-json\/wp\/v2\/media?parent=21652"}],"wp:term":[{"taxonomy":"category","embeddable":true,"href":"https:\/\/prizrenpost.com\/al\/wp-json\/wp\/v2\/categories?post=21652"},{"taxonomy":"post_tag","embeddable":true,"href":"https:\/\/prizrenpost.com\/al\/wp-json\/wp\/v2\/tags?post=21652"}],"curies":[{"name":"wp","href":"https:\/\/api.w.org\/{rel}","templated":true}]}}